{"id":48408,"date":"2022-11-23T08:31:13","date_gmt":"2022-11-23T14:31:13","guid":{"rendered":"http:\/\/www.zonaroja.com.mx\/?p=48408"},"modified":"2022-11-23T08:31:14","modified_gmt":"2022-11-23T14:31:14","slug":"se-equivoco-el-congreso-de-oaxaca-debe-restituir-a-presidente-municipal","status":"publish","type":"post","link":"https:\/\/zonaroja.com.mx\/?p=48408","title":{"rendered":"Se equivoc\u00f3 el Congreso de Oaxaca: debe restituir a presidente municipal"},"content":{"rendered":"\n<p>Redacci\u00f3n\/Zona Roja.<\/p>\n\n\n\n<p>Oaxaca de Ju\u00e1rez, Oax., a 23 de noviembre de 2022.- El Pleno del Tribunal Electoral del Estado de Oaxaca (TEEO) orden\u00f3 la inmediata restituci\u00f3n del presidente municipal de Santa In\u00e9s del Monte, Laurencio Gaspar Morales, con todas sus atribuciones, as\u00ed como, el pago de las dietas adeudadas.<\/p>\n\n\n\n<p>En la resoluci\u00f3n de los juicios con claves: JDCI\/135\/2022 y JDCI\/136\/2022; aprobada por unanimidad, la magistrada presidenta, el magistrado y la coordinadora de ponencia en funciones de magistrada determinaron que no existe una causa justificada para que el actor no est\u00e9 ejerciendo su encargo.<\/p>\n\n\n\n<p>Advirtieron que hay un reconocimiento por parte del Cabildo de Santa In\u00e9s del Monte, de que el pleno del Congreso no aprob\u00f3 el procedimiento en contra del actor; ellos siguen sin reconocerlo como presidente municipal.<\/p>\n\n\n\n<p>En este mismo asunto, el TEEO sobresey\u00f3 los planteamientos presentados por el presidente municipal de esa localidad, relacionados con: la declaraci\u00f3n del abandono del cargo, la aprobaci\u00f3n del dictamen CPGAA\/160\/2022 emitido por la Comisi\u00f3n Permanente de Gobernaci\u00f3n y Asuntos Agrarios del Congreso del Estado de Oaxaca, la nulidad de las sesiones de Cabildo y la indebida notificaci\u00f3n de las convocatorias, as\u00ed como, el dejar sin efectos las actas de sesi\u00f3n impugnadas; toda vez que hubo en cambio en la situaci\u00f3n jur\u00eddica a partir del pronunciamiento del Congreso local.<\/p>\n","protected":false},"excerpt":{"rendered":"<p>Redacci\u00f3n\/Zona Roja. Oaxaca de Ju\u00e1rez, Oax., a 23 de noviembre de 2022.- El Pleno del&hellip;<\/p>\n","protected":false},"author":2,"featured_media":48409,"comment_status":"closed","ping_status":"open","sticky":false,"template":"","format":"standard","meta":{"_lmt_disableupdate":"","_lmt_disable":"","_jetpack_memberships_contains_paid_content":false,"footnotes":""},"categories":[109,47],"tags":[3327],"class_list":["post-48408","post","type-post","status-publish","format-standard","has-post-thumbnail","hentry","category-minuto-a-minuto","category-zona-gris","tag-santa-ines-del-monte"],"jetpack_featured_media_url":"https:\/\/zonaroja.com.mx\/wp-content\/uploads\/2022\/11\/Santa-Ines-del-Monte-Oaxaca.jpeg","jetpack_sharing_enabled":true,"_links":{"self":[{"href":"https:\/\/zonaroja.com.mx\/index.php?rest_route=\/wp\/v2\/posts\/48408","targetHints":{"allow":["GET"]}}],"collection":[{"href":"https:\/\/zonaroja.com.mx\/index.php?rest_route=\/wp\/v2\/posts"}],"about":[{"href":"https:\/\/zonaroja.com.mx\/index.php?rest_route=\/wp\/v2\/types\/post"}],"author":[{"embeddable":true,"href":"https:\/\/zonaroja.com.mx\/index.php?rest_route=\/wp\/v2\/users\/2"}],"replies":[{"embeddable":true,"href":"https:\/\/zonaroja.com.mx\/index.php?rest_route=%2Fwp%2Fv2%2Fcomments&post=48408"}],"version-history":[{"count":1,"href":"https:\/\/zonaroja.com.mx\/index.php?rest_route=\/wp\/v2\/posts\/48408\/revisions"}],"predecessor-version":[{"id":48410,"href":"https:\/\/zonaroja.com.mx\/index.php?rest_route=\/wp\/v2\/posts\/48408\/revisions\/48410"}],"wp:featuredmedia":[{"embeddable":true,"href":"https:\/\/zonaroja.com.mx\/index.php?rest_route=\/wp\/v2\/media\/48409"}],"wp:attachment":[{"href":"https:\/\/zonaroja.com.mx\/index.php?rest_route=%2Fwp%2Fv2%2Fmedia&parent=48408"}],"wp:term":[{"taxonomy":"category","embeddable":true,"href":"https:\/\/zonaroja.com.mx\/index.php?rest_route=%2Fwp%2Fv2%2Fcategories&post=48408"},{"taxonomy":"post_tag","embeddable":true,"href":"https:\/\/zonaroja.com.mx\/index.php?rest_route=%2Fwp%2Fv2%2Ftags&post=48408"}],"curies":[{"name":"wp","href":"https:\/\/api.w.org\/{rel}","templated":true}]}}