{"id":48411,"date":"2022-11-23T08:34:34","date_gmt":"2022-11-23T14:34:34","guid":{"rendered":"http:\/\/www.zonaroja.com.mx\/?p=48411"},"modified":"2022-11-23T08:34:35","modified_gmt":"2022-11-23T14:34:35","slug":"y-los-75-mdp-para-afrouniversidad-en-la-costa-reclaman-en-oaxaca","status":"publish","type":"post","link":"https:\/\/zonaroja.com.mx\/?p=48411","title":{"rendered":"\u00bfY los 75 mdp para Afrouniversidad en la Costa?, reclaman en Oaxaca"},"content":{"rendered":"\n<p>Redacci\u00f3n\/Zona Roja.<\/p>\n\n\n\n<p>Oaxaca de Ju\u00e1rez, Oax., a 23 de noviembre del 2022.- Luciano Concheiro, subsecretario de Educaci\u00f3n Superior del gobierno de M\u00e9xico, se\u00f1al\u00f3 durante el XXIII Encuentro de Pueblos Negros Afromexicanos o Afrodecendientes que a Oaxaca le fue autorizado por la Federaci\u00f3n m\u00e1s de 75 millones de pesos para la construcci\u00f3n de la Afrouniversidad.<\/p>\n\n\n\n<p>Desde el pasado 26 de enero de este a\u00f1o se inform\u00f3 en el Diario Oficial de la Federaci\u00f3n que para la creaci\u00f3n de la Universidad Polit\u00e9cnica Afromexicana la Federaci\u00f3n destin\u00f3 al gobierno de Oaxaca 75 millones 485 mil 787 pesos, presupuesto que por reducciones fiscales qued\u00f3 finalmente en 42.5 millones de pesos.&nbsp;<\/p>\n\n\n\n<p>Por la omisi\u00f3n del mandatario estatal en el resolutivo del XXIII Encuentro de Pueblos Negros Afromexicanos o Afrodecendientes, efectuado en San Jos\u00e9 R\u00edo Verde la Boquilla Jamiltepec, la asamblea determin\u00f3 la exigencia al gobernador Alejandro Murat Hinojosa la aplicaci\u00f3n inmediata del dinero que la Secretar\u00eda de la Educaci\u00f3n P\u00fablica (SEP) entreg\u00f3 para la Afrouniversidad.<\/p>\n\n\n\n<p>La asamblea se\u00f1al\u00f3 que el mandatario estatal se comprometi\u00f3 a ejercer este recurso antes de que terminara su administraci\u00f3n, acci\u00f3n que no ha sucedido.<\/p>\n\n\n\n<p>Rosy Castro, activista afromexicana, dijo durante el encuentro de pueblos negros que se debe cuestionar al gobernador Alejandro Murat sobre el destino del recurso enviado por el gobierno de M\u00e9xico:<\/p>\n\n\n\n<p>\u201cYa no nos vamos a quedar callados. Las autoridades le apuestan a nuestra pasividad, pero si es necesario movilizarnos por nuestra afrouniversidad, lo haremos\u201d, se\u00f1al\u00f3 la activista.<\/p>\n\n\n\n<p>La Afrouniveridad fue proyectada como una herramienta para saldar la deuda hist\u00f3rica con el pueblo afromexicano que habita en la costa oaxaque\u00f1a, quienes en reiteradas ocasiones han denunciado ser v\u00edctimas de discriminaci\u00f3n.<\/p>\n","protected":false},"excerpt":{"rendered":"<p>Redacci\u00f3n\/Zona Roja. Oaxaca de Ju\u00e1rez, Oax., a 23 de noviembre del 2022.- Luciano Concheiro, subsecretario&hellip;<\/p>\n","protected":false},"author":2,"featured_media":48412,"comment_status":"closed","ping_status":"open","sticky":false,"template":"","format":"standard","meta":{"_lmt_disableupdate":"","_lmt_disable":"","_jetpack_memberships_contains_paid_content":false,"footnotes":""},"categories":[109,47],"tags":[],"class_list":["post-48411","post","type-post","status-publish","format-standard","has-post-thumbnail","hentry","category-minuto-a-minuto","category-zona-gris"],"jetpack_featured_media_url":"https:\/\/zonaroja.com.mx\/wp-content\/uploads\/2022\/11\/AFROUNIVERSIDAD-1.jpeg","jetpack_sharing_enabled":true,"_links":{"self":[{"href":"https:\/\/zonaroja.com.mx\/index.php?rest_route=\/wp\/v2\/posts\/48411","targetHints":{"allow":["GET"]}}],"collection":[{"href":"https:\/\/zonaroja.com.mx\/index.php?rest_route=\/wp\/v2\/posts"}],"about":[{"href":"https:\/\/zonaroja.com.mx\/index.php?rest_route=\/wp\/v2\/types\/post"}],"author":[{"embeddable":true,"href":"https:\/\/zonaroja.com.mx\/index.php?rest_route=\/wp\/v2\/users\/2"}],"replies":[{"embeddable":true,"href":"https:\/\/zonaroja.com.mx\/index.php?rest_route=%2Fwp%2Fv2%2Fcomments&post=48411"}],"version-history":[{"count":1,"href":"https:\/\/zonaroja.com.mx\/index.php?rest_route=\/wp\/v2\/posts\/48411\/revisions"}],"predecessor-version":[{"id":48413,"href":"https:\/\/zonaroja.com.mx\/index.php?rest_route=\/wp\/v2\/posts\/48411\/revisions\/48413"}],"wp:featuredmedia":[{"embeddable":true,"href":"https:\/\/zonaroja.com.mx\/index.php?rest_route=\/wp\/v2\/media\/48412"}],"wp:attachment":[{"href":"https:\/\/zonaroja.com.mx\/index.php?rest_route=%2Fwp%2Fv2%2Fmedia&parent=48411"}],"wp:term":[{"taxonomy":"category","embeddable":true,"href":"https:\/\/zonaroja.com.mx\/index.php?rest_route=%2Fwp%2Fv2%2Fcategories&post=48411"},{"taxonomy":"post_tag","embeddable":true,"href":"https:\/\/zonaroja.com.mx\/index.php?rest_route=%2Fwp%2Fv2%2Ftags&post=48411"}],"curies":[{"name":"wp","href":"https:\/\/api.w.org\/{rel}","templated":true}]}}