{"id":48418,"date":"2022-11-23T19:02:05","date_gmt":"2022-11-24T01:02:05","guid":{"rendered":"http:\/\/www.zonaroja.com.mx\/?p=48418"},"modified":"2022-11-23T19:02:07","modified_gmt":"2022-11-24T01:02:07","slug":"protestan-transportistas-contra-catem-joven-tras-golpiza-a-chofer-exigen-detencion-de-agresores","status":"publish","type":"post","link":"https:\/\/zonaroja.com.mx\/?p=48418","title":{"rendered":"Protestan transportistas contra CATEM Joven tras golpiza a chofer; exigen detenci\u00f3n de agresores"},"content":{"rendered":"\n<p>Yuridiana Sosa\/Zona Roja.<\/p>\n\n\n\n<p>Oaxaca de Ju\u00e1rez, Oax., 23 de noviembre de 2022.- Transportistas de la Confederaci\u00f3n Internacional de Trabajadores (CIT) y de FESO-CATEM se manifestaron para denunciar la violencia y atropellos cometidos por la Confederaci\u00f3n Joven de M\u00e9xico (CATEM Joven) para controlar al gremio de taxistas en Oaxaca.<\/p>\n\n\n\n<p>Decenas de choferes de ambas organizaciones se congregaron en protesta en la carretera federal 190 Oaxaca-Istmo, en jurisdicci\u00f3n de Tlacolula de Matamoros, y exigieron a la Fiscal\u00eda General de Oaxaca la ejecuci\u00f3n de \u00f3rdenes de aprehensi\u00f3n contra los l\u00edderes agresores.<\/p>\n\n\n\n<p>El dirigente del CIT en Oaxaca, Marcos S\u00e1nchez, se\u00f1al\u00f3 que CATEM joven, controlado por Eduardo Luis Villaseca y Luis Balderas, golpean y amenazan a los transportistas que tratan de deslindarse de la organizaci\u00f3n violenta.<\/p>\n\n\n\n<p>As\u00ed ocurri\u00f3 este martes contra un chofer que retir\u00f3 la calcoman\u00eda que lo identifica con CATEM Joven, a quien golpearon a tal grado que requiri\u00f3 hospitalizaci\u00f3n y permanece en estado grave, mientras que su unidad fue destrozada y se registr\u00f3 robo, indic\u00f3 Marcos S\u00e1nchez.<\/p>\n\n\n\n<p>El hecho se registr\u00f3 afuera de la plaza comercial sobre avenida S\u00edmbolos Patrios, al sur de la capital, contra el trabajador de un taxi colectivo for\u00e1neo.<\/p>\n\n\n\n<p>El gremio afectado se encuentra en di\u00e1logo con la Secretar\u00eda General de Gobierno, pero es insuficiente, pues exigen tambi\u00e9n la intervenci\u00f3n de la Fiscal\u00eda General del estado y que la Secretar\u00eda de Seguridad P\u00fablica de Oaxaca tambi\u00e9n indague a su cuerpo policial, pues presuntamente un elemento es hermano de Luis Balderas ,quien controla si acuden&nbsp; o no a llamados de los agremiados del CIT.<\/p>\n\n\n\n<p>Ante la grave problem\u00e1tica los transportistas no descartan instalar bloqueos para que haya una tensi\u00f3n mayor, pues tambi\u00e9n CATEM Joven intenta controlar el parador de la Macro Plaza, en jurisdicci\u00f3n de Santa Luc\u00eda del Camino, sobre la carretera federal 190.<\/p>\n\n\n\n<p>En ese punto, tambi\u00e9n demandaron presencia policial para evitar incidencias o agresiones de la Confederaci\u00f3n Joven contra el resto del gremio taxista que se encuentra asolado por dicho grupo.<\/p>\n\n\n\n<p>Acusaron tambi\u00e9n que la secretaria de Seguridad P\u00fablica, Dalia Ba\u00f1os Loyola, protege a los agresores e incluso env\u00eda de inmediato a los polic\u00edas para cuidarlos, no para detenerlos, cada vez que cometen un delito.<\/p>\n\n\n\n<figure class=\"wp-block-embed is-type-rich is-provider-twitter wp-block-embed-twitter\"><div class=\"wp-block-embed__wrapper\">\n<div class=\"twitter-tweet\"><blockquote class=\"twitter-tweet\" data-lang=\"es\"><p lang=\"es\" dir=\"ltr\">Transportistas de la Confederaci\u00f3n Internacional de Trabajadores (CIT) protestan en la carretera federal Oaxaca-Istmo.<br>Prev\u00e9n bloqueos en Tlacolula; denuncian agresiones de CATEM Joven y piden que les apliquen \u00f3rdenes de aprehensi\u00f3n.<br>\ud83d\udc47<br>Transmisi\u00f3n \ud83d\udc47<a href=\"https:\/\/t.co\/yV6NDwMP3A\">https:\/\/t.co\/yV6NDwMP3A<\/a> <a href=\"https:\/\/t.co\/8M6AzSe6AZ\">pic.twitter.com\/8M6AzSe6AZ<\/a><\/p>&mdash; Zona Roja Oaxaca (@ZonaRoja_Oaxaca) <a href=\"https:\/\/twitter.com\/ZonaRoja_Oaxaca\/status\/1595468561589338112?ref_src=twsrc%5Etfw\">23 de noviembre de 2022<\/a><\/blockquote><\/div>\n<\/div><\/figure>\n","protected":false},"excerpt":{"rendered":"<p>Yuridiana Sosa\/Zona Roja. Oaxaca de Ju\u00e1rez, Oax., 23 de noviembre de 2022.- Transportistas de la&hellip;<\/p>\n","protected":false},"author":2,"featured_media":48419,"comment_status":"closed","ping_status":"open","sticky":false,"template":"","format":"standard","meta":{"_lmt_disableupdate":"","_lmt_disable":"","_jetpack_memberships_contains_paid_content":false,"footnotes":""},"categories":[109,46],"tags":[3072],"class_list":["post-48418","post","type-post","status-publish","format-standard","has-post-thumbnail","hentry","category-minuto-a-minuto","category-zona-blanca","tag-confederacion-internacional-de-trabajadores-cit"],"jetpack_featured_media_url":"https:\/\/zonaroja.com.mx\/wp-content\/uploads\/2022\/11\/Conferencia-CIT-Oaxaca-transportistas.jpg","jetpack_sharing_enabled":true,"_links":{"self":[{"href":"https:\/\/zonaroja.com.mx\/index.php?rest_route=\/wp\/v2\/posts\/48418","targetHints":{"allow":["GET"]}}],"collection":[{"href":"https:\/\/zonaroja.com.mx\/index.php?rest_route=\/wp\/v2\/posts"}],"about":[{"href":"https:\/\/zonaroja.com.mx\/index.php?rest_route=\/wp\/v2\/types\/post"}],"author":[{"embeddable":true,"href":"https:\/\/zonaroja.com.mx\/index.php?rest_route=\/wp\/v2\/users\/2"}],"replies":[{"embeddable":true,"href":"https:\/\/zonaroja.com.mx\/index.php?rest_route=%2Fwp%2Fv2%2Fcomments&post=48418"}],"version-history":[{"count":1,"href":"https:\/\/zonaroja.com.mx\/index.php?rest_route=\/wp\/v2\/posts\/48418\/revisions"}],"predecessor-version":[{"id":48420,"href":"https:\/\/zonaroja.com.mx\/index.php?rest_route=\/wp\/v2\/posts\/48418\/revisions\/48420"}],"wp:featuredmedia":[{"embeddable":true,"href":"https:\/\/zonaroja.com.mx\/index.php?rest_route=\/wp\/v2\/media\/48419"}],"wp:attachment":[{"href":"https:\/\/zonaroja.com.mx\/index.php?rest_route=%2Fwp%2Fv2%2Fmedia&parent=48418"}],"wp:term":[{"taxonomy":"category","embeddable":true,"href":"https:\/\/zonaroja.com.mx\/index.php?rest_route=%2Fwp%2Fv2%2Fcategories&post=48418"},{"taxonomy":"post_tag","embeddable":true,"href":"https:\/\/zonaroja.com.mx\/index.php?rest_route=%2Fwp%2Fv2%2Ftags&post=48418"}],"curies":[{"name":"wp","href":"https:\/\/api.w.org\/{rel}","templated":true}]}}