{"id":48427,"date":"2022-11-23T22:03:44","date_gmt":"2022-11-24T04:03:44","guid":{"rendered":"http:\/\/www.zonaroja.com.mx\/?p=48427"},"modified":"2022-11-23T22:03:45","modified_gmt":"2022-11-24T04:03:45","slug":"sin-dictamen-y-via-fast-track-morena-y-priistas-avalan-reformas-para-gobierno-de-jara","status":"publish","type":"post","link":"https:\/\/zonaroja.com.mx\/?p=48427","title":{"rendered":"Sin dictamen y v\u00eda \u201cfast track\u201d, Morena y priistas avalan reformas para gobierno de Jara"},"content":{"rendered":"\n<p>Redaccin\/Zona Roja.<\/p>\n\n\n\n<p>Oaxaca de Ju\u00e1rez, Oax., a 23 de noviembre de 2022.- En actos que podr\u00edan ser violaciones a las normas legislativas, el Congreso del Estado de Oaxaca aprob\u00f3 hoy modificaciones a leyes con las que trabajar\u00e1 el gobierno de Salom\u00f3n Jara Cruz, cuyo sexenio inicia en una semana.<\/p>\n\n\n\n<p>En votaciones de obvia y urgente resoluci\u00f3n y argumentando urgencias, sin detallar \u00e9stas, los priistas, perredistas y panistas se sumaron a Morena y partidos aliados en la 65 Legislatura para avalar los cambios.<\/p>\n\n\n\n<p>Con 38 votos a favor, se reform\u00f3 la Ley Org\u00e1nica del Poder Ejecutivo para crear el nuevo Instituto de Planeaci\u00f3n para el Bienestar, que sustituye al Comit\u00e9 de Planeaci\u00f3n para el Desarrollo del Estado (Coplade).&nbsp;&nbsp;<\/p>\n\n\n\n<p>Tambi\u00e9n, con 38 votos se aprob\u00f3 la creaci\u00f3n de la Consejer\u00eda Jur\u00eddica y Asistencia Legal del Gobierno del Estado, organismo que ejercer\u00e1 la representaci\u00f3n jur\u00eddica del estado; con ello ampli\u00f3 las facultades de esa instancia, que tiene a cargo varias dependencias.<\/p>\n\n\n\n<p>Asimismo, con 39 votos se reform\u00f3 y derog\u00f3 diversas disposiciones de la Ley Org\u00e1nica del Poder Ejecutivo, de las cuales resalta el derecho a la buena administraci\u00f3n p\u00fablica, para lo cual se requieren modificaciones.<\/p>\n\n\n\n<p>En este caso, no se detallaron cu\u00e1les son dichas reformas, que podr\u00edan ser impugnadas por cualquier ciudadano, al no ser avaladas conforme a la normatividad de los procesos legislativos.<\/p>\n\n\n\n<p>En un comunicado de prensa, el Poder Legislativo detall\u00f3 que las distintas expresiones pol\u00edticas que conforman el Congreso del Estado de Oaxaca, \u201cde manera hist\u00f3rica reformaron diferentes ordenamientos jur\u00eddicos para reestructurar la administraci\u00f3n estatal, favoreciendo el desarrollo y bienestar de la ciudadan\u00eda.<\/p>\n\n\n\n<p>\u201cDe esta forma, mediante acuerdos y consensos por parte de la mayor\u00eda de congresistas que conforman el Poder Legislativo, se logr\u00f3 establecer en la normatividad estatal garant\u00edas que permitan la operatividad y funcionalidad del pr\u00f3ximo Gobierno del Estado\u201d.<\/p>\n\n\n\n<figure class=\"wp-block-embed is-type-rich is-provider-twitter wp-block-embed-twitter\"><div class=\"wp-block-embed__wrapper\">\n<div class=\"twitter-tweet\"><blockquote class=\"twitter-tweet\" data-lang=\"es\"><p lang=\"es\" dir=\"ltr\">3. Igualmente, y sin detallar qu\u00e9 tipo de modificaciones, hubo m\u00e1s reformas a la Ley Org\u00e1nica del Poder Ejecutivo, con 39 votos.<br>Ni priistas ni nadie de partidos opositores se opuso a la forma en que el pleno del <a href=\"https:\/\/twitter.com\/CongresoOaxaca_?ref_src=twsrc%5Etfw\">@CongresoOaxaca_<\/a> efectu\u00f3 las modificaciones. <a href=\"https:\/\/t.co\/AzXAd7swyH\">pic.twitter.com\/AzXAd7swyH<\/a><\/p>&mdash; Zona Roja Oaxaca (@ZonaRoja_Oaxaca) <a href=\"https:\/\/twitter.com\/ZonaRoja_Oaxaca\/status\/1595507077631381691?ref_src=twsrc%5Etfw\">23 de noviembre de 2022<\/a><\/blockquote><\/div>\n<\/div><\/figure>\n","protected":false},"excerpt":{"rendered":"<p>Redaccin\/Zona Roja. Oaxaca de Ju\u00e1rez, Oax., a 23 de noviembre de 2022.- En actos que&hellip;<\/p>\n","protected":false},"author":2,"featured_media":48428,"comment_status":"closed","ping_status":"open","sticky":false,"template":"","format":"standard","meta":{"_lmt_disableupdate":"","_lmt_disable":"","_jetpack_memberships_contains_paid_content":false,"footnotes":""},"categories":[109,47],"tags":[2743],"class_list":["post-48427","post","type-post","status-publish","format-standard","has-post-thumbnail","hentry","category-minuto-a-minuto","category-zona-gris","tag-65-legislatura-del-estado-de-oaxaca"],"jetpack_featured_media_url":"https:\/\/zonaroja.com.mx\/wp-content\/uploads\/2022\/11\/Sesion-Congreso-del-Estado-Oaxaca.jpeg","jetpack_sharing_enabled":true,"_links":{"self":[{"href":"https:\/\/zonaroja.com.mx\/index.php?rest_route=\/wp\/v2\/posts\/48427","targetHints":{"allow":["GET"]}}],"collection":[{"href":"https:\/\/zonaroja.com.mx\/index.php?rest_route=\/wp\/v2\/posts"}],"about":[{"href":"https:\/\/zonaroja.com.mx\/index.php?rest_route=\/wp\/v2\/types\/post"}],"author":[{"embeddable":true,"href":"https:\/\/zonaroja.com.mx\/index.php?rest_route=\/wp\/v2\/users\/2"}],"replies":[{"embeddable":true,"href":"https:\/\/zonaroja.com.mx\/index.php?rest_route=%2Fwp%2Fv2%2Fcomments&post=48427"}],"version-history":[{"count":1,"href":"https:\/\/zonaroja.com.mx\/index.php?rest_route=\/wp\/v2\/posts\/48427\/revisions"}],"predecessor-version":[{"id":48429,"href":"https:\/\/zonaroja.com.mx\/index.php?rest_route=\/wp\/v2\/posts\/48427\/revisions\/48429"}],"wp:featuredmedia":[{"embeddable":true,"href":"https:\/\/zonaroja.com.mx\/index.php?rest_route=\/wp\/v2\/media\/48428"}],"wp:attachment":[{"href":"https:\/\/zonaroja.com.mx\/index.php?rest_route=%2Fwp%2Fv2%2Fmedia&parent=48427"}],"wp:term":[{"taxonomy":"category","embeddable":true,"href":"https:\/\/zonaroja.com.mx\/index.php?rest_route=%2Fwp%2Fv2%2Fcategories&post=48427"},{"taxonomy":"post_tag","embeddable":true,"href":"https:\/\/zonaroja.com.mx\/index.php?rest_route=%2Fwp%2Fv2%2Ftags&post=48427"}],"curies":[{"name":"wp","href":"https:\/\/api.w.org\/{rel}","templated":true}]}}