{"id":48430,"date":"2022-11-23T22:26:06","date_gmt":"2022-11-24T04:26:06","guid":{"rendered":"http:\/\/www.zonaroja.com.mx\/?p=48430"},"modified":"2022-11-23T22:26:08","modified_gmt":"2022-11-24T04:26:08","slug":"muere-individuo-que-fue-baleado-en-bloqueo-carretero-en-ejutla","status":"publish","type":"post","link":"https:\/\/zonaroja.com.mx\/?p=48430","title":{"rendered":"Muere individuo que fue baleado en bloqueo carretero en Ejutla"},"content":{"rendered":"\n<p>Redacci\u00f3n\/Zona Roja.<\/p>\n\n\n\n<p>Oaxaca de Ju\u00e1rez, Oax., a 23 de noviembre de 2022.- Una persona que fue atacada a balazos durante un bloqueo carretero en jurisdicci\u00f3n de Ejutla de Crespo, muri\u00f3 en un hospital por la gravedad de las lesiones.<\/p>\n\n\n\n<p>Fue el pasado lunes en que pobladores de la zona cerraron el paso vehicular en la carretera Oaxaca-Puerto \u00c1ngel, a la altura del crucero a Barranca Larga, Ejutla, para exigir al gobierno federal la conclusi\u00f3n de obras.<\/p>\n\n\n\n<p>Sin embargo, de repente al lugar arrib\u00f3 un autom\u00f3vil de color rojo, con placas de circulaci\u00f3n TLT-9152 de Oaxaca, del cual descendi\u00f3 un sujeto con corte tipo militar y realiz\u00f3 disparos sobre los manifestantes.<\/p>\n\n\n\n<p>Tras ello huy\u00f3 con rumbo a Miahuatlan de Porfirio D\u00edaz; el hombre lesionado fue trasladado a un hospital de Miahuatl\u00e1n, pero cuando arrib\u00f3, confirmaron que ya no contaba con signos vitales.<\/p>\n\n\n\n<p>La v\u00edctima fue identificada como Bonifacio H. M., de 52 a\u00f1os de edad, y presentaba un disparo a la altura del t\u00f3rax, con salida en la espalda.<\/p>\n\n\n\n<p>La Fiscal\u00eda General del Estado de Oaxaca inici\u00f3 las indagatorias correspondientes para dar con el responsable del asesinato.<\/p>\n","protected":false},"excerpt":{"rendered":"<p>Redacci\u00f3n\/Zona Roja. Oaxaca de Ju\u00e1rez, Oax., a 23 de noviembre de 2022.- Una persona que&hellip;<\/p>\n","protected":false},"author":2,"featured_media":48431,"comment_status":"closed","ping_status":"open","sticky":false,"template":"","format":"standard","meta":{"_lmt_disableupdate":"","_lmt_disable":"","_jetpack_memberships_contains_paid_content":false,"footnotes":""},"categories":[109,51],"tags":[702],"class_list":["post-48430","post","type-post","status-publish","format-standard","has-post-thumbnail","hentry","category-minuto-a-minuto","category-zona-roja","tag-ejutla-de-crespo"],"jetpack_featured_media_url":"https:\/\/zonaroja.com.mx\/wp-content\/uploads\/2022\/11\/Bloqueo-Barranca-Larga-Ejutla-y-asesinado.jpg","jetpack_sharing_enabled":true,"_links":{"self":[{"href":"https:\/\/zonaroja.com.mx\/index.php?rest_route=\/wp\/v2\/posts\/48430","targetHints":{"allow":["GET"]}}],"collection":[{"href":"https:\/\/zonaroja.com.mx\/index.php?rest_route=\/wp\/v2\/posts"}],"about":[{"href":"https:\/\/zonaroja.com.mx\/index.php?rest_route=\/wp\/v2\/types\/post"}],"author":[{"embeddable":true,"href":"https:\/\/zonaroja.com.mx\/index.php?rest_route=\/wp\/v2\/users\/2"}],"replies":[{"embeddable":true,"href":"https:\/\/zonaroja.com.mx\/index.php?rest_route=%2Fwp%2Fv2%2Fcomments&post=48430"}],"version-history":[{"count":1,"href":"https:\/\/zonaroja.com.mx\/index.php?rest_route=\/wp\/v2\/posts\/48430\/revisions"}],"predecessor-version":[{"id":48432,"href":"https:\/\/zonaroja.com.mx\/index.php?rest_route=\/wp\/v2\/posts\/48430\/revisions\/48432"}],"wp:featuredmedia":[{"embeddable":true,"href":"https:\/\/zonaroja.com.mx\/index.php?rest_route=\/wp\/v2\/media\/48431"}],"wp:attachment":[{"href":"https:\/\/zonaroja.com.mx\/index.php?rest_route=%2Fwp%2Fv2%2Fmedia&parent=48430"}],"wp:term":[{"taxonomy":"category","embeddable":true,"href":"https:\/\/zonaroja.com.mx\/index.php?rest_route=%2Fwp%2Fv2%2Fcategories&post=48430"},{"taxonomy":"post_tag","embeddable":true,"href":"https:\/\/zonaroja.com.mx\/index.php?rest_route=%2Fwp%2Fv2%2Ftags&post=48430"}],"curies":[{"name":"wp","href":"https:\/\/api.w.org\/{rel}","templated":true}]}}