{"id":48433,"date":"2022-11-24T06:46:28","date_gmt":"2022-11-24T12:46:28","guid":{"rendered":"http:\/\/www.zonaroja.com.mx\/?p=48433"},"modified":"2022-11-24T06:46:29","modified_gmt":"2022-11-24T12:46:29","slug":"oaxaca-sera-sede-de-congreso-internacional-organizado-por-el-poder-judicial","status":"publish","type":"post","link":"https:\/\/zonaroja.com.mx\/?p=48433","title":{"rendered":"Oaxaca ser\u00e1 sede de Congreso Internacional, organizado por el Poder Judicial"},"content":{"rendered":"\n<p>Redacci\u00f3n\/Zona Roja.<\/p>\n\n\n\n<p>Oaxaca de ju\u00e1rez, Oax., a 24 de noviembre de 2022.- Con la participaci\u00f3n de prestigiados juristas de M\u00e9xico y otros pa\u00edses del mundo,&nbsp;Oaxaca ser\u00e1 sede del&nbsp;\u201cCongreso Internacional Indepac 25 a\u00f1os\u201d,&nbsp;que organiza el Poder Judicial del Estado en coordinaci\u00f3n con el&nbsp;Instituto Nacional de Estudios Superiores en Derecho Penal,&nbsp;dedicado&nbsp;desde&nbsp;1997&nbsp;a&nbsp;la formaci\u00f3n humanista de profesionistas en estudio de posgrado en Derecho Procesal Penal y Procesal Constitucional.<\/p>\n\n\n\n<p>En las alianzas acad\u00e9micas y de&nbsp;formaci\u00f3n profesional formalizadas por el&nbsp;magistrado presidente&nbsp;Eduardo Pinacho S\u00e1nchez,&nbsp;la&nbsp;actividad&nbsp;se realizar\u00e1&nbsp;el pr\u00f3ximo viernes 25 de noviembre,&nbsp;en la Ciudad de los Museos, anexo al templo de Santo Domingo de Guzm\u00e1n,&nbsp;con la presencia del doctor Juan Luis Gonz\u00e1lez Alc\u00e1ntara-Carranc\u00e1, ministro de la Suprema Corte de Justicia de la Naci\u00f3n.<\/p>\n\n\n\n<p>Tambi\u00e9n participar\u00e1n como&nbsp;ponentes&nbsp;el maestro Ricardo A. Silva D\u00edaz, rector de la Escuela Libre de Derecho; la doctora Susana Sanz Caballero, jueza Externa de la Corte Europea de Derechos Humanos; Silvina del Valle Ram\u00edrez, doctora en Derecho de la Universidad de Buenos Aires y el doctor Juan Pablo G\u00f3mez Fierro, juez de Distrito del Poder Judicial de la Federaci\u00f3n.&nbsp;<\/p>\n\n\n\n<p>Asimismo,&nbsp;Alberto Binder, doctor en derecho penal por la&nbsp;Universidad de Buenos Aires&nbsp;y vicepresidente del INECIP; el doctor Carlo Fiorio, profesor titular de la C\u00e1tedra de Derecho Procesal Penal de la Facultad de Derecho de la Universidad de Perugia, Italia y&nbsp;el doctor&nbsp;Jorge Mario Pardo Rebolledo, ministro de la Suprema Corte de Justicia de la Naci\u00f3n.&nbsp;&nbsp;<\/p>\n\n\n\n<p>Con el&nbsp;Instituto Nacional de Estudios Superiores en Derecho Penal (Indepac),&nbsp;el Poder Judicial del Estado ha establecido las bases para la realizaci\u00f3n de actividades conjuntas encaminadas a la superaci\u00f3n acad\u00e9mica, la formaci\u00f3n y capacitaci\u00f3n profesional, entre ellas la maestr\u00eda en Derecho Judicial que se imparte actualmente en Oaxaca&nbsp;en conjunto&nbsp;con la Universidad de Perugia. &nbsp;<\/p>\n\n\n\n<p>El Indepac&nbsp;ofrece programas educativos de posgrado que resuelvan las necesidades de cara al \u00e1mbito laboral mexicano,&nbsp;apuntalen&nbsp;la investigaci\u00f3n&nbsp;en&nbsp;nuestro pa\u00eds y en el extranjero, en aras de la aportaci\u00f3n de juicios cr\u00edticos y formativos de profesionales y acad\u00e9micos interesados en el conocimiento jur\u00eddico.<\/p>\n","protected":false},"excerpt":{"rendered":"<p>Redacci\u00f3n\/Zona Roja. Oaxaca de ju\u00e1rez, Oax., a 24 de noviembre de 2022.- Con la participaci\u00f3n&hellip;<\/p>\n","protected":false},"author":2,"featured_media":14349,"comment_status":"closed","ping_status":"open","sticky":false,"template":"","format":"standard","meta":{"_lmt_disableupdate":"","_lmt_disable":"","_jetpack_memberships_contains_paid_content":false,"footnotes":""},"categories":[109,46],"tags":[223],"class_list":["post-48433","post","type-post","status-publish","format-standard","has-post-thumbnail","hentry","category-minuto-a-minuto","category-zona-blanca","tag-poder-judicial-de-oaxaca"],"jetpack_featured_media_url":"https:\/\/zonaroja.com.mx\/wp-content\/uploads\/2020\/06\/Poder-Judicial-Oaxaca.jpg","jetpack_sharing_enabled":true,"_links":{"self":[{"href":"https:\/\/zonaroja.com.mx\/index.php?rest_route=\/wp\/v2\/posts\/48433","targetHints":{"allow":["GET"]}}],"collection":[{"href":"https:\/\/zonaroja.com.mx\/index.php?rest_route=\/wp\/v2\/posts"}],"about":[{"href":"https:\/\/zonaroja.com.mx\/index.php?rest_route=\/wp\/v2\/types\/post"}],"author":[{"embeddable":true,"href":"https:\/\/zonaroja.com.mx\/index.php?rest_route=\/wp\/v2\/users\/2"}],"replies":[{"embeddable":true,"href":"https:\/\/zonaroja.com.mx\/index.php?rest_route=%2Fwp%2Fv2%2Fcomments&post=48433"}],"version-history":[{"count":1,"href":"https:\/\/zonaroja.com.mx\/index.php?rest_route=\/wp\/v2\/posts\/48433\/revisions"}],"predecessor-version":[{"id":48434,"href":"https:\/\/zonaroja.com.mx\/index.php?rest_route=\/wp\/v2\/posts\/48433\/revisions\/48434"}],"wp:featuredmedia":[{"embeddable":true,"href":"https:\/\/zonaroja.com.mx\/index.php?rest_route=\/wp\/v2\/media\/14349"}],"wp:attachment":[{"href":"https:\/\/zonaroja.com.mx\/index.php?rest_route=%2Fwp%2Fv2%2Fmedia&parent=48433"}],"wp:term":[{"taxonomy":"category","embeddable":true,"href":"https:\/\/zonaroja.com.mx\/index.php?rest_route=%2Fwp%2Fv2%2Fcategories&post=48433"},{"taxonomy":"post_tag","embeddable":true,"href":"https:\/\/zonaroja.com.mx\/index.php?rest_route=%2Fwp%2Fv2%2Ftags&post=48433"}],"curies":[{"name":"wp","href":"https:\/\/api.w.org\/{rel}","templated":true}]}}