{"id":48435,"date":"2022-11-24T08:58:00","date_gmt":"2022-11-24T14:58:00","guid":{"rendered":"http:\/\/www.zonaroja.com.mx\/?p=48435"},"modified":"2022-11-24T07:11:37","modified_gmt":"2022-11-24T13:11:37","slug":"ante-llegada-de-autodenominada-primavera-oaxaquena-exigen-alto-a-violencia-feminicida","status":"publish","type":"post","link":"https:\/\/zonaroja.com.mx\/?p=48435","title":{"rendered":"Ante llegada de autodenominada \u201cPrimavera oaxaque\u00f1a\u201d, exigen alto a violencia feminicida"},"content":{"rendered":"\n<p>Redacci\u00f3n\/Zona Roja.<\/p>\n\n\n\n<p>Oaxaca de Ju\u00e1rez, Oax., a 24 de noviembre de 2022.- En v\u00edspera del D\u00eda Internacional de la Eliminaci\u00f3n de la Violencia contra la Mujer y a una semana de la transici\u00f3n gubernamental, colectivos exigieron alto a la violencia feminicida en Oaxaca.<\/p>\n\n\n\n<p>\u201cFrente a las 715 mujeres a las que su vida ha sido arrebatada, resquebrajando todo el tejido social, &nbsp;nos articulamos para decir \u00a1Basta!&nbsp;Para exigir justicia, verdad y reparaci\u00f3n &nbsp;por las vidas que fueron arrebatadas y por las que familias y comunidades que han sido trastocadas a causa de la inacci\u00f3n y complicidad con &nbsp;la violencia feminicida\u201d, subrayaron en conferencia de prensa.&nbsp;<\/p>\n\n\n\n<p>Frente a este panorama y en el contexto de la transici\u00f3n gubernamental, que se ha autodenominado \u201cPrimavera oaxaque\u00f1a\u201d,&nbsp;las mujeres&nbsp;tambi\u00e9n&nbsp;exigieron un alto a la violencia feminicida, machista y patriarcal en&nbsp;Oaxaca.&nbsp;<\/p>\n\n\n\n<p>Adem\u00e1s de &nbsp;la memoria digna y justicia para&nbsp;quienes han sido v\u00edctimas de feminicidio y para sus familias, exigieron garant\u00edas para la labor de defensa de derechos humanos y libertad de expresi\u00f3n,&nbsp;el&nbsp;cese inmediato a la criminalizaci\u00f3n de las personas defensoras y a los procesos de defensa del territorio y de la vida de los pueblos.&nbsp;<\/p>\n\n\n\n<p>Este mi\u00e9rcoles en la ciudad de Oaxaca se hizo&nbsp;la presentaci\u00f3n p\u00fablica de&nbsp;una agrupaci\u00f3n&nbsp;de mujeres&nbsp;diversas, colectivas, feministas, organizaciones sociales y civiles,&nbsp;denominado&nbsp;\u201cMujeres Oaxaque\u00f1as Tejiendo Comunidad\u201d; un tejido colectivo \u201cpara seguir caminando juntas, hombro con hombro, codo a codo y de coraz\u00f3n a coraz\u00f3n\u201d.&nbsp;<\/p>\n\n\n\n<p>Expusieron&nbsp;que la conformaci\u00f3n de este tejido colectivo&nbsp;obedece a la violencia feminicida, pero tambi\u00e9n para resistir a los proyectos de muerte y destrucci\u00f3n que acosan a sus territorios y atentan contra la madre tierra y sus &nbsp;formas de vivir, que les criminalizan,&nbsp;dividen y reproducen pr\u00e1cticas machistas.&nbsp;<\/p>\n\n\n\n<p>Las integrantes de diversas colectivas y organizaciones expusieron que su lucha es contra el patriarcado, el racismo, el colonialismo y el capitalismo&nbsp;que&nbsp;est\u00e1&nbsp;lacerando&nbsp;el tejido social y comunitario.&nbsp;<\/p>\n\n\n\n<p>Explicaron &nbsp;que la construcci\u00f3n de este tejido plural, diverso y multicolor, &nbsp;surgi\u00f3&nbsp;\u201cfrente a la situaci\u00f3n que nos aqueja, en nuestro cuerpo como primer territorio, que ha sido objeto de sometimiento y apropiaci\u00f3n hist\u00f3rica; en nuestros territorios comunitarios-originarios que est\u00e1n viviendo el despojo, la imposici\u00f3n de megaproyectos extractivistas&nbsp;amparados en un paradigma de&nbsp;desarrollo\u201d.<\/p>\n\n\n\n<p>Adem\u00e1s de destacar que &nbsp;sus &nbsp;n\u00facleos poblacionales, ya sea en el campo o la ciudad, est\u00e1n siendo penetrados en todos los \u00e1mbitos por las redes del crimen organizado.&nbsp;&nbsp;<\/p>\n\n\n\n<p>\u201cEstas colectividades estaremos vigilantes y actuantes frente, ya no es tiempo de simulaci\u00f3n ni de complicidad, interpelamos a la nueva gesti\u00f3n a que tome con seriedad su mandato, se debe a las mujeres, hombres y comunidades, no debe haber ning\u00fan motivo para actuar en contra ni menoscabar los derechos humanos en Oaxaca\u201d, finalizaron.&nbsp;<\/p>\n","protected":false},"excerpt":{"rendered":"<p>Redacci\u00f3n\/Zona Roja. Oaxaca de Ju\u00e1rez, Oax., a 24 de noviembre de 2022.- En v\u00edspera del&hellip;<\/p>\n","protected":false},"author":2,"featured_media":48436,"comment_status":"closed","ping_status":"open","sticky":false,"template":"","format":"standard","meta":{"_lmt_disableupdate":"","_lmt_disable":"","_jetpack_memberships_contains_paid_content":false,"footnotes":""},"categories":[109,47],"tags":[],"class_list":["post-48435","post","type-post","status-publish","format-standard","has-post-thumbnail","hentry","category-minuto-a-minuto","category-zona-gris"],"jetpack_featured_media_url":"https:\/\/zonaroja.com.mx\/wp-content\/uploads\/2022\/11\/Mujeres-Oaxaquenas-Tejiendo-Comunidad.jpg","jetpack_sharing_enabled":true,"_links":{"self":[{"href":"https:\/\/zonaroja.com.mx\/index.php?rest_route=\/wp\/v2\/posts\/48435","targetHints":{"allow":["GET"]}}],"collection":[{"href":"https:\/\/zonaroja.com.mx\/index.php?rest_route=\/wp\/v2\/posts"}],"about":[{"href":"https:\/\/zonaroja.com.mx\/index.php?rest_route=\/wp\/v2\/types\/post"}],"author":[{"embeddable":true,"href":"https:\/\/zonaroja.com.mx\/index.php?rest_route=\/wp\/v2\/users\/2"}],"replies":[{"embeddable":true,"href":"https:\/\/zonaroja.com.mx\/index.php?rest_route=%2Fwp%2Fv2%2Fcomments&post=48435"}],"version-history":[{"count":1,"href":"https:\/\/zonaroja.com.mx\/index.php?rest_route=\/wp\/v2\/posts\/48435\/revisions"}],"predecessor-version":[{"id":48437,"href":"https:\/\/zonaroja.com.mx\/index.php?rest_route=\/wp\/v2\/posts\/48435\/revisions\/48437"}],"wp:featuredmedia":[{"embeddable":true,"href":"https:\/\/zonaroja.com.mx\/index.php?rest_route=\/wp\/v2\/media\/48436"}],"wp:attachment":[{"href":"https:\/\/zonaroja.com.mx\/index.php?rest_route=%2Fwp%2Fv2%2Fmedia&parent=48435"}],"wp:term":[{"taxonomy":"category","embeddable":true,"href":"https:\/\/zonaroja.com.mx\/index.php?rest_route=%2Fwp%2Fv2%2Fcategories&post=48435"},{"taxonomy":"post_tag","embeddable":true,"href":"https:\/\/zonaroja.com.mx\/index.php?rest_route=%2Fwp%2Fv2%2Ftags&post=48435"}],"curies":[{"name":"wp","href":"https:\/\/api.w.org\/{rel}","templated":true}]}}