{"id":48438,"date":"2022-11-24T07:33:10","date_gmt":"2022-11-24T13:33:10","guid":{"rendered":"http:\/\/www.zonaroja.com.mx\/?p=48438"},"modified":"2022-11-24T07:33:12","modified_gmt":"2022-11-24T13:33:12","slug":"por-crisisdelabasura-denunciados-martinez-neri-y-catem","status":"publish","type":"post","link":"https:\/\/zonaroja.com.mx\/?p=48438","title":{"rendered":"Por #CrisisDeLaBasura, denunciados Mart\u00ednez Neri y CATEM"},"content":{"rendered":"\n<p>Ismael Garc\u00eda M.\/Zona Roja.<\/p>\n\n\n\n<p>Oaxaca de Ju\u00e1rez, Oax., a 24 de noviembre de 2022.- El tiradero de basura de Zaachila ten\u00eda vida \u00fatil por al menos otro a\u00f1o; hay otro predio anexo que se puede utilizar por al menos tres a\u00f1os; en seis a\u00f1os se destinaron 130 millones de pesos para sanear el relleno sanitario; el edil Francisco Mart\u00ednez Neri como una organizaci\u00f3n de CATEM fueron denunciados por contaminar con desechos la ribera del r\u00edo \u201cAtoyac\u201d.<\/p>\n\n\n\n<p>As\u00ed lo precis\u00f3 la responsable de la Secretar\u00eda del Medio Ambiente y Desarrollo Sustentable (Semaedeso), Helena Iturribarr\u00eda Rojas, durante su comparencia de ayer ante la comisi\u00f3n respectiva del Congreso del Estado, en que legisladores le recriminaron nulos resultados y apat\u00eda para defender el entorno natural.<\/p>\n\n\n\n<p>Detall\u00f3 que en relaci\u00f3n a la disposici\u00f3n de residuos sobre las m\u00e1rgenes del \u201cAtoyac\u201d en inmediaciones de la Central de Abasto, la Procuradur\u00eda de Protecci\u00f3n al Ambiente del Estado de Oaxaca (Propaeo) realiz\u00f3 tres visitas de inspecci\u00f3n a los predios ubicados en avenida Constituyentes y en el predio conocido como el \u201cplay\u00f3n\u201d.&nbsp;<\/p>\n\n\n\n<p>De igual forma se levant\u00f3 una denuncia penal ante el Agente del Ministerio&nbsp;P\u00fablico de la Fiscal\u00eda&nbsp;General de la Rep\u00fablica, por el delito de contaminaci\u00f3n de suelos, agua y zona federal, en contra del municipio de&nbsp;Oaxaca de Ju\u00e1rez, que preside Francisco Mart\u00ednez Neri, y la Organizaci\u00f3n \u201c14 de Febrero\u201d, perteneciente a la Confederaci\u00f3n Aut\u00f3noma de Trabajadores y Empleados de M\u00e9xico (CATEM). &nbsp;<\/p>\n\n\n\n<p>Tras m\u00e1s de 40 a\u00f1os de operaci\u00f3n, el pasado 8 de octubre fue cerrado el tiradero en que vert\u00edan sus desechos al menos 24 municipios, ubicado en la agencia Vicente Guerrero de la Villa de Zaachila, lo que exponencial la crisis de la basura.<\/p>\n\n\n\n<p>Ante ello, la funcionaria estatal dijo que pese a que el sitio es propiedad del municipio de Oaxaca de Ju\u00e1rez, y que de acuerdo al art\u00edculo 115 Constitucional, son los municipios responsables del manejo de los residuos, el Gobierno del Estado ha subsidiado hasta el d\u00eda de hoy, la operaci\u00f3n del mismo para mantener un control ambiental, por un monto en este sexenio de 130 millones de pesos.<\/p>\n\n\n\n<p>Asimismo, desde hace cerca de seis a\u00f1os, el Gobierno del Estado adquiri\u00f3 tierras en San Mart\u00edn Tilcajete para llevar a cabo un proyecto de aprovechamiento de los residuos en 40 hect\u00e1reas,&nbsp;bajo un esquema de asociaci\u00f3n p\u00fablica privada, \u201csin embargo, existe una negativa por parte del ejido y el municipio para llevar a cabo cualquier acci\u00f3n en el lugar.&nbsp;<\/p>\n\n\n\n<p>Ante tal imposibilidad, se identific\u00f3 un predio aleda\u00f1o al actual sitio de disposici\u00f3n de 7.6 hect\u00e1reas del ejido de Zaachila, con el que se hicieron gestiones para cambiar el uso destino a \u201cservicio p\u00fablico,\u201d para la ampliaci\u00f3n del relleno sanitario y darle vida \u00fatil suficiente,&nbsp;para cerrar de manera ordenada.&nbsp;<\/p>\n\n\n\n<p>\u201cSe realizaron estudio y proyecto ejecutivo en las 7.6 hect\u00e1reas, para ampliar la operaci\u00f3n al menos tres a\u00f1os, y continuar con la b\u00fasqueda de otros sitios con viabilidad t\u00e9cnica y social.<\/p>\n\n\n\n<p>\u201cSin embargo, la oposici\u00f3n tajante de llevar a cabo este proyecto por la autoridad municipal de Zaachila a inicios de este a\u00f1o, aunado a los conflictos&nbsp;sociales originados en las colonias que rodean el sitio, generaron condiciones adversas para continuar con la ejecuci\u00f3n del proyecto\u201d, detall\u00f3 en su exposici\u00f3n.<\/p>\n\n\n\n<p>DEVUELVEN 35 MDP<\/p>\n\n\n\n<p>Adem\u00e1s, Helena Iturribarr\u00eda revel\u00f3 que el Gobierno del Estado contaba con los recursos para&nbsp;pagar la Cesi\u00f3n Onerosa al ejido,&nbsp;por un monto de 13 millones de pesos del Fondo de Estabilizaci\u00f3n de los Ingresos de las Entidades Federativas (FEIEF).<\/p>\n\n\n\n<p>As\u00ed como 22 millones de pesos&nbsp;de la deuda autorizada en el Decreto 809 (Cr\u00e9dito Banobras 363)&nbsp;para&nbsp;construir&nbsp;la infraestructura de ampliaci\u00f3n.&nbsp;<\/p>\n\n\n\n<p>\u201cEn el caso de los recursos para la adquisici\u00f3n del predio fueron reintegrados a la Secretar\u00eda de Finanzas el pasado mes de junio; y el recurso autorizado para la infraestructura fue cancelado, por lo que se hizo la reducci\u00f3n presupuestal ante la Finanzas\u201d.<\/p>\n\n\n\n<p>Aunado a ello, y pese al cierre del tiradero principal en Zaachila, hay un proyecto de clausura y postclausura, que incluye obras de infraestructura para esparcimiento social, por un monto de 12.4millones de pesos, con la finalidad de&nbsp;contar&nbsp;con una ruta t\u00e9cnica para su correcta clausura, independientemente de la posible reapertura.&nbsp;<\/p>\n\n\n\n<p>Igualmente, el Gobierno del Estado aport\u00f3 al municipio de Oaxaca de Ju\u00e1rez, el pasado 14 de octubre, cinco millones de pesos para adquirir un predio ya identificado en la zona norte metropolitana.<\/p>\n\n\n\n<p>Por \u00faltimo, la responsable de la Semaedeso expuso que el predio aleda\u00f1o de 7.6 hect\u00e1reas en la Villa de Zaachila cuenta con un proyecto ejecutivo para construir una celda de emergencia para dar una vida \u00fatil de tres a\u00f1os adicionales.&nbsp;<\/p>\n","protected":false},"excerpt":{"rendered":"<p>Ismael Garc\u00eda M.\/Zona Roja. Oaxaca de Ju\u00e1rez, Oax., a 24 de noviembre de 2022.- El&hellip;<\/p>\n","protected":false},"author":2,"featured_media":48439,"comment_status":"closed","ping_status":"open","sticky":false,"template":"","format":"standard","meta":{"_lmt_disableupdate":"","_lmt_disable":"","_jetpack_memberships_contains_paid_content":false,"footnotes":""},"categories":[109,47],"tags":[2418,1932],"class_list":["post-48438","post","type-post","status-publish","format-standard","has-post-thumbnail","hentry","category-minuto-a-minuto","category-zona-gris","tag-francisco-martinez-neri","tag-secretaria-del-medio-ambiente"],"jetpack_featured_media_url":"https:\/\/zonaroja.com.mx\/wp-content\/uploads\/2022\/11\/Francisco-Martinez-Neri.jpg","jetpack_sharing_enabled":true,"_links":{"self":[{"href":"https:\/\/zonaroja.com.mx\/index.php?rest_route=\/wp\/v2\/posts\/48438","targetHints":{"allow":["GET"]}}],"collection":[{"href":"https:\/\/zonaroja.com.mx\/index.php?rest_route=\/wp\/v2\/posts"}],"about":[{"href":"https:\/\/zonaroja.com.mx\/index.php?rest_route=\/wp\/v2\/types\/post"}],"author":[{"embeddable":true,"href":"https:\/\/zonaroja.com.mx\/index.php?rest_route=\/wp\/v2\/users\/2"}],"replies":[{"embeddable":true,"href":"https:\/\/zonaroja.com.mx\/index.php?rest_route=%2Fwp%2Fv2%2Fcomments&post=48438"}],"version-history":[{"count":1,"href":"https:\/\/zonaroja.com.mx\/index.php?rest_route=\/wp\/v2\/posts\/48438\/revisions"}],"predecessor-version":[{"id":48440,"href":"https:\/\/zonaroja.com.mx\/index.php?rest_route=\/wp\/v2\/posts\/48438\/revisions\/48440"}],"wp:featuredmedia":[{"embeddable":true,"href":"https:\/\/zonaroja.com.mx\/index.php?rest_route=\/wp\/v2\/media\/48439"}],"wp:attachment":[{"href":"https:\/\/zonaroja.com.mx\/index.php?rest_route=%2Fwp%2Fv2%2Fmedia&parent=48438"}],"wp:term":[{"taxonomy":"category","embeddable":true,"href":"https:\/\/zonaroja.com.mx\/index.php?rest_route=%2Fwp%2Fv2%2Fcategories&post=48438"},{"taxonomy":"post_tag","embeddable":true,"href":"https:\/\/zonaroja.com.mx\/index.php?rest_route=%2Fwp%2Fv2%2Ftags&post=48438"}],"curies":[{"name":"wp","href":"https:\/\/api.w.org\/{rel}","templated":true}]}}