{"id":4844,"date":"2019-10-15T09:27:06","date_gmt":"2019-10-15T14:27:06","guid":{"rendered":"http:\/\/www.zonaroja.com.mx\/?p=4844"},"modified":"2019-10-15T09:27:10","modified_gmt":"2019-10-15T14:27:10","slug":"inicia-ddhpo-indagatorias-por-huesos-y-mariguana-en-techo-de-fiscalia","status":"publish","type":"post","link":"https:\/\/zonaroja.com.mx\/?p=4844","title":{"rendered":"Inicia DDHPO indagatorias por huesos y mariguana en techo de Fiscal\u00eda"},"content":{"rendered":"\n<p>Ismael Garc\u00eda M.\/Zona Roja.<\/p>\n\n\n\n<p>Oaxaca de Ju\u00e1rez, Oax., 15 de octubre\nde 2019.- La Defensor\u00eda de los Derechos Humanos del Pueblo de Oaxaca (DDHPO)\ninici\u00f3 un Cuaderno de Antecedentes con respecto al caso de ropa, osamenta y\nmariguana hallados en el techo de la sede de la Vicefiscal\u00eda Regional del\nIstmo, dependiente de la Fiscal\u00eda General del Estado.<\/p>\n\n\n\n<p>El Ombudsman Bernardo Rodr\u00edguez\nAlamilla dio a conocer que se solicit\u00f3 formalmente a la instancia de\nprocuraci\u00f3n de justicia un informe detallado respecto a lo denunciado en notas\ninformativas y un video que se difundi\u00f3 a trav\u00e9s de las redes sociales.<\/p>\n\n\n\n<p>En entrevista, indic\u00f3 que una vez que\ntengan la informaci\u00f3n, se analizar\u00e1 si hay violaciones a derechos humanos de\nlos procesados o de las v\u00edctimas, al tratarse de indicios de carpetas de\ninvestigaci\u00f3n acerca de probables delitos.<\/p>\n\n\n\n<p>El s\u00e1bado por la tarde-noche, pobladores de San Blas Atempa protestaron en la sede de la Vicefiscal\u00eda, ubicada en el barrio Labor\u00edo de Santo Domingo Tehuantepec.<\/p>\n\n\n\n<figure class=\"wp-block-image\"><img decoding=\"async\" width=\"1024\" height=\"768\" src=\"http:\/\/www.zonaroja.com.mx\/wp-content\/uploads\/2019\/10\/IMG_7715-1024x768.jpg\" alt=\"\" class=\"wp-image-4797\" srcset=\"https:\/\/zonaroja.com.mx\/wp-content\/uploads\/2019\/10\/IMG_7715-1024x768.jpg 1024w, https:\/\/zonaroja.com.mx\/wp-content\/uploads\/2019\/10\/IMG_7715-300x225.jpg 300w, https:\/\/zonaroja.com.mx\/wp-content\/uploads\/2019\/10\/IMG_7715-768x576.jpg 768w, https:\/\/zonaroja.com.mx\/wp-content\/uploads\/2019\/10\/IMG_7715-1170x878.jpg 1170w, https:\/\/zonaroja.com.mx\/wp-content\/uploads\/2019\/10\/IMG_7715-585x439.jpg 585w, https:\/\/zonaroja.com.mx\/wp-content\/uploads\/2019\/10\/IMG_7715.jpg 1280w\" sizes=\"(max-width: 1024px) 100vw, 1024px\" \/><\/figure>\n\n\n\n<p>En su desesperaci\u00f3n por la b\u00fasqueda de\nla joven Hilary Naxhiely y al ser informados que hab\u00eda sido detenida una\npersona como probable autor de la desaparici\u00f3n, ingresaron al inmueble, seg\u00fan\nla Fiscal\u00eda, con violencia.<\/p>\n\n\n\n<p>Un grupo de ellos subi\u00f3 al techo donde\nmediante un video mostr\u00f3 una bolsa con mariguana, restos \u00f3seos y ropa\ndesperdigada.<\/p>\n\n\n\n<p>En un comunicado de la noche del\ndomingo, la Fiscal\u00eda General acept\u00f3 que se trataba de dichos art\u00edculos pero\ndijo que eran parte de investigaciones y que hab\u00edan sido sacados al techo dos\nhoras antes de los disturbios, para que se secaran.<\/p>\n","protected":false},"excerpt":{"rendered":"<p>Ismael Garc\u00eda M.\/Zona Roja. Oaxaca de Ju\u00e1rez, Oax., 15 de octubre de 2019.- La Defensor\u00eda&hellip;<\/p>\n","protected":false},"author":2,"featured_media":4802,"comment_status":"closed","ping_status":"open","sticky":false,"template":"","format":"standard","meta":{"_lmt_disableupdate":"","_lmt_disable":"","_jetpack_memberships_contains_paid_content":false,"footnotes":""},"categories":[47],"tags":[286,494],"class_list":["post-4844","post","type-post","status-publish","format-standard","has-post-thumbnail","hentry","category-zona-gris","tag-defensoria-de-los-derechos-humanos-del-pueblo-de-oaxaca","tag-fiscalia-general-del-estado-de-oaxaca"],"jetpack_featured_media_url":"https:\/\/zonaroja.com.mx\/wp-content\/uploads\/2019\/10\/IMG_7764.jpg","jetpack_sharing_enabled":true,"_links":{"self":[{"href":"https:\/\/zonaroja.com.mx\/index.php?rest_route=\/wp\/v2\/posts\/4844","targetHints":{"allow":["GET"]}}],"collection":[{"href":"https:\/\/zonaroja.com.mx\/index.php?rest_route=\/wp\/v2\/posts"}],"about":[{"href":"https:\/\/zonaroja.com.mx\/index.php?rest_route=\/wp\/v2\/types\/post"}],"author":[{"embeddable":true,"href":"https:\/\/zonaroja.com.mx\/index.php?rest_route=\/wp\/v2\/users\/2"}],"replies":[{"embeddable":true,"href":"https:\/\/zonaroja.com.mx\/index.php?rest_route=%2Fwp%2Fv2%2Fcomments&post=4844"}],"version-history":[{"count":1,"href":"https:\/\/zonaroja.com.mx\/index.php?rest_route=\/wp\/v2\/posts\/4844\/revisions"}],"predecessor-version":[{"id":4845,"href":"https:\/\/zonaroja.com.mx\/index.php?rest_route=\/wp\/v2\/posts\/4844\/revisions\/4845"}],"wp:featuredmedia":[{"embeddable":true,"href":"https:\/\/zonaroja.com.mx\/index.php?rest_route=\/wp\/v2\/media\/4802"}],"wp:attachment":[{"href":"https:\/\/zonaroja.com.mx\/index.php?rest_route=%2Fwp%2Fv2%2Fmedia&parent=4844"}],"wp:term":[{"taxonomy":"category","embeddable":true,"href":"https:\/\/zonaroja.com.mx\/index.php?rest_route=%2Fwp%2Fv2%2Fcategories&post=4844"},{"taxonomy":"post_tag","embeddable":true,"href":"https:\/\/zonaroja.com.mx\/index.php?rest_route=%2Fwp%2Fv2%2Ftags&post=4844"}],"curies":[{"name":"wp","href":"https:\/\/api.w.org\/{rel}","templated":true}]}}