{"id":48446,"date":"2022-11-24T08:20:59","date_gmt":"2022-11-24T14:20:59","guid":{"rendered":"http:\/\/www.zonaroja.com.mx\/?p=48446"},"modified":"2022-11-24T08:21:01","modified_gmt":"2022-11-24T14:21:01","slug":"avanza-fiscalia-indagatoria-por-migrante-muerto-podrian-responsabilizar-a-edil","status":"publish","type":"post","link":"https:\/\/zonaroja.com.mx\/?p=48446","title":{"rendered":"Avanza Fiscal\u00eda indagatoria por migrante muerto; podr\u00edan responsabilizar a edil"},"content":{"rendered":"\n<p>Redacci\u00f3n\/Zona Roja.<\/p>\n\n\n\n<p>Oaxaca de Ju\u00e1rez, Oax., a 24 de noviembre de 2022.- El Instituto de Servicios Periciales de la Fiscal\u00eda General del Estado de Oaxaca realiz\u00f3 la necropsia del migrante africano fallecido en la c\u00e1rcel de Juchit\u00e1n de Zaragoza y posterior a ello ordenaron estudios toxicol\u00f3gicos para determinar la posible existencia de sustancias que al ingresar al organismo contribuyeron de forma directa en la causa de muerte.<\/p>\n\n\n\n<p>Adem\u00e1s de realizar estudios en histopatolog\u00eda forense, que comprende el estudio microsc\u00f3pico de diversos \u00f3rganos extra\u00eddos al cad\u00e1ver durante la pr\u00e1ctica de la necropsia de ley, para poder determinar la existencia de lesiones o alteraciones patol\u00f3gicas a nivel celular que pudieran contribuir o determinar la causa de muerte.<\/p>\n\n\n\n<p>No obstante, debido a que los estudios cient\u00edficos se encuentran en proceso de an\u00e1lisis, se estima que los resultados concluyentes est\u00e9n listos en aproximadamente 30 d\u00edas, inform\u00f3 la Fiscal\u00eda en un comunicado.<\/p>\n\n\n\n<p>EDIL IMPRUDENTE<\/p>\n\n\n\n<p>Pese a ello, el edil de Juchit\u00e1n, Emilio Montero P\u00e9rez, surgido del Partido Morena, exigi\u00f3 ayer en conferencia de prensa, que la instituci\u00f3n brinde informaci\u00f3n a la brevedad y que revele detalles, pese a los protocolos de la investigaci\u00f3n del deceso ocurrido el pasado domingo 20 de noviembre.<\/p>\n\n\n\n<p>No obstante, ha reconocido la separaci\u00f3n del comandante de seguridad p\u00fablica y dos personas m\u00e1s, por probable omisi\u00f3n o comisi\u00f3n del homicidio del migrante indocumentado.<\/p>\n\n\n\n<p>Asimismo, al edil morenista podr\u00edan fincarle responsabilidades por encubrir el posible asesinato del hombre originario de Senegal, identificado con las iniciales D. M. L.<\/p>\n\n\n\n<p>De acuerdo con la carpeta de investigaci\u00f3n 39941\/FIST\/FAMI-IXTEPEC\/2022 -iniciada por el delito de homicidio- la noche del 20 de noviembre de 2022, la Fiscal\u00eda General -a trav\u00e9s de la Vicefiscal\u00eda Regional del Istmo- acudi\u00f3 a los separos preventivos de la Comisar\u00eda de la Polic\u00eda Municipal de Juchit\u00e1n de Zaragoza, donde estaba el cuerpo sin vida de una persona, quien hab\u00eda sido detenida por elementos de la polic\u00eda municipal luego de escandalizar en la v\u00eda p\u00fablica.&nbsp;<\/p>\n\n\n\n<p>De forma inmediata, la FGEO gir\u00f3 oficio 1028\/2022 al C\u00f3nsul General Honorario de Senegal en la Ciudad de M\u00e9xico, para hacer de su conocimiento este hecho y para informar a los familiares de las v\u00edctimas y con ello, se logre repatriarla a su lugar de origen.<\/p>\n","protected":false},"excerpt":{"rendered":"<p>Redacci\u00f3n\/Zona Roja. Oaxaca de Ju\u00e1rez, Oax., a 24 de noviembre de 2022.- El Instituto de&hellip;<\/p>\n","protected":false},"author":2,"featured_media":48447,"comment_status":"closed","ping_status":"open","sticky":false,"template":"","format":"standard","meta":{"_lmt_disableupdate":"","_lmt_disable":"","_jetpack_memberships_contains_paid_content":false,"footnotes":""},"categories":[109,47],"tags":[123],"class_list":["post-48446","post","type-post","status-publish","format-standard","has-post-thumbnail","hentry","category-minuto-a-minuto","category-zona-gris","tag-juchitan-de-zaragoza"],"jetpack_featured_media_url":"https:\/\/zonaroja.com.mx\/wp-content\/uploads\/2022\/11\/Migrante-africano-detenido-y-muerto-Juchitan.jpg","jetpack_sharing_enabled":true,"_links":{"self":[{"href":"https:\/\/zonaroja.com.mx\/index.php?rest_route=\/wp\/v2\/posts\/48446","targetHints":{"allow":["GET"]}}],"collection":[{"href":"https:\/\/zonaroja.com.mx\/index.php?rest_route=\/wp\/v2\/posts"}],"about":[{"href":"https:\/\/zonaroja.com.mx\/index.php?rest_route=\/wp\/v2\/types\/post"}],"author":[{"embeddable":true,"href":"https:\/\/zonaroja.com.mx\/index.php?rest_route=\/wp\/v2\/users\/2"}],"replies":[{"embeddable":true,"href":"https:\/\/zonaroja.com.mx\/index.php?rest_route=%2Fwp%2Fv2%2Fcomments&post=48446"}],"version-history":[{"count":1,"href":"https:\/\/zonaroja.com.mx\/index.php?rest_route=\/wp\/v2\/posts\/48446\/revisions"}],"predecessor-version":[{"id":48448,"href":"https:\/\/zonaroja.com.mx\/index.php?rest_route=\/wp\/v2\/posts\/48446\/revisions\/48448"}],"wp:featuredmedia":[{"embeddable":true,"href":"https:\/\/zonaroja.com.mx\/index.php?rest_route=\/wp\/v2\/media\/48447"}],"wp:attachment":[{"href":"https:\/\/zonaroja.com.mx\/index.php?rest_route=%2Fwp%2Fv2%2Fmedia&parent=48446"}],"wp:term":[{"taxonomy":"category","embeddable":true,"href":"https:\/\/zonaroja.com.mx\/index.php?rest_route=%2Fwp%2Fv2%2Fcategories&post=48446"},{"taxonomy":"post_tag","embeddable":true,"href":"https:\/\/zonaroja.com.mx\/index.php?rest_route=%2Fwp%2Fv2%2Ftags&post=48446"}],"curies":[{"name":"wp","href":"https:\/\/api.w.org\/{rel}","templated":true}]}}