{"id":48449,"date":"2022-11-24T13:00:00","date_gmt":"2022-11-24T19:00:00","guid":{"rendered":"http:\/\/www.zonaroja.com.mx\/?p=48449"},"modified":"2022-11-24T17:46:50","modified_gmt":"2022-11-24T23:46:50","slug":"pendiente-3","status":"publish","type":"post","link":"https:\/\/zonaroja.com.mx\/?p=48449","title":{"rendered":"Ejecutan a edil electo de Mixtepec; abaten polic\u00edas a un presunto delincuente"},"content":{"rendered":"\n<p>Redacci\u00f3n\/Zona Roja.<\/p>\n\n\n\n<p>Oaxaca de Ju\u00e1rez, Oax., a 24 de noviembre de 2022.- El presidente municipal electo de San Pedro Mixtepec, del distrito de Miahuatl\u00e1n, fue asesinado a balazos la madrugada de este jueves.<\/p>\n\n\n\n<p>Crisp\u00edn Hern\u00e1ndez fue ultimado de varios impactos de arma de fuego, mientras se dirig\u00eda a sus labores, pues era adem\u00e1s conserje en un plantel, la Escuela Secundaria T\u00e9cnica.<\/p>\n\n\n\n<p>Tomar\u00eda posesi\u00f3n el pr\u00f3ximo 1 de enero como presidente de ese municipio, que se rige por Sistemas Normativos Ind\u00edgenas.<\/p>\n\n\n\n<p>La Fiscal\u00eda General del Estado de Oaxaca confirm\u00f3 el crimen e inform\u00f3 que dio inicio a la carpeta de investigaci\u00f3n 40334\/FNSC\/MIAHUATLAN\/2022 por el delito de homicidio.&nbsp;<\/p>\n\n\n\n<p>\u201cA partir de que la FGEO tuvo conocimiento del caso, se iniciaron las labores de investigaci\u00f3n a trav\u00e9s de la Vicefiscal\u00eda General de Control Regional que despleg\u00f3 a su equipo multidisciplinario.<\/p>\n\n\n\n<p>\u201cPeritos especialistas en diferentes materias acudieron al lugar de los hechos en compa\u00f1\u00eda de elementos de la Agencia Estatal de Investigaciones (AEI) para procesar los indicios hallados en el sitio\u201d, indic\u00f3.<\/p>\n\n\n\n<p>DELINCUENTE ABATIDO<\/p>\n\n\n\n<p>Por otra parte, la Secretar\u00eda de Seguridad P\u00fablica de Oaxaca (SSPO) inform\u00f3 que frustr\u00f3 un asalto a una empresa de refrescos, en San Miguel Soyaltepec.<\/p>\n\n\n\n<p>Fue en la comunidad de La Pochota en que se registr\u00f3 el hecho, cuando los uniformados repelieron la agresi\u00f3n de los probables delincuentes, tras lo cual uno de ellos, a\u00fan no identificado, perdi\u00f3 la vida.<\/p>\n","protected":false},"excerpt":{"rendered":"<p>Redacci\u00f3n\/Zona Roja. Oaxaca de Ju\u00e1rez, Oax., a 24 de noviembre de 2022.- El presidente municipal&hellip;<\/p>\n","protected":false},"author":2,"featured_media":48452,"comment_status":"closed","ping_status":"open","sticky":false,"template":"","format":"standard","meta":{"_lmt_disableupdate":"","_lmt_disable":"","_jetpack_memberships_contains_paid_content":false,"footnotes":""},"categories":[51],"tags":[890],"class_list":["post-48449","post","type-post","status-publish","format-standard","has-post-thumbnail","hentry","category-zona-roja","tag-san-pedro-mixtepec"],"jetpack_featured_media_url":"https:\/\/zonaroja.com.mx\/wp-content\/uploads\/2022\/11\/Edil-electo-asesinado-San-Pedro-Mixtepec.jpg","jetpack_sharing_enabled":true,"_links":{"self":[{"href":"https:\/\/zonaroja.com.mx\/index.php?rest_route=\/wp\/v2\/posts\/48449","targetHints":{"allow":["GET"]}}],"collection":[{"href":"https:\/\/zonaroja.com.mx\/index.php?rest_route=\/wp\/v2\/posts"}],"about":[{"href":"https:\/\/zonaroja.com.mx\/index.php?rest_route=\/wp\/v2\/types\/post"}],"author":[{"embeddable":true,"href":"https:\/\/zonaroja.com.mx\/index.php?rest_route=\/wp\/v2\/users\/2"}],"replies":[{"embeddable":true,"href":"https:\/\/zonaroja.com.mx\/index.php?rest_route=%2Fwp%2Fv2%2Fcomments&post=48449"}],"version-history":[{"count":2,"href":"https:\/\/zonaroja.com.mx\/index.php?rest_route=\/wp\/v2\/posts\/48449\/revisions"}],"predecessor-version":[{"id":48453,"href":"https:\/\/zonaroja.com.mx\/index.php?rest_route=\/wp\/v2\/posts\/48449\/revisions\/48453"}],"wp:featuredmedia":[{"embeddable":true,"href":"https:\/\/zonaroja.com.mx\/index.php?rest_route=\/wp\/v2\/media\/48452"}],"wp:attachment":[{"href":"https:\/\/zonaroja.com.mx\/index.php?rest_route=%2Fwp%2Fv2%2Fmedia&parent=48449"}],"wp:term":[{"taxonomy":"category","embeddable":true,"href":"https:\/\/zonaroja.com.mx\/index.php?rest_route=%2Fwp%2Fv2%2Fcategories&post=48449"},{"taxonomy":"post_tag","embeddable":true,"href":"https:\/\/zonaroja.com.mx\/index.php?rest_route=%2Fwp%2Fv2%2Ftags&post=48449"}],"curies":[{"name":"wp","href":"https:\/\/api.w.org\/{rel}","templated":true}]}}