{"id":48454,"date":"2022-11-24T19:17:35","date_gmt":"2022-11-25T01:17:35","guid":{"rendered":"http:\/\/www.zonaroja.com.mx\/?p=48454"},"modified":"2022-11-24T19:17:38","modified_gmt":"2022-11-25T01:17:38","slug":"desconoce-martinez-neri-denuncia-de-semaedeso-por-tiradero-en-riberas-del-atoyac","status":"publish","type":"post","link":"https:\/\/zonaroja.com.mx\/?p=48454","title":{"rendered":"Desconoce Mart\u00ednez Neri denuncia de Semaedeso por tiradero en riberas del \u201cAtoyac\u201d"},"content":{"rendered":"\n<p>Yuridiana Sosa\/Zona Roja.<\/p>\n\n\n\n<p>Oaxaca de Ju\u00e1rez, Oax., 24 de noviembre de 2022.- El presidente municipal de Oaxaca de Ju\u00e1rez, Francisco Mart\u00ednez Neri, se\u00f1al\u00f3 que su gobierno no ha recibido la notificaci\u00f3n sobre la supuesta demanda que interpuso la Secretar\u00eda del Medio Ambiente de Oaxaca por contaminaci\u00f3n en la ribera del r\u00edo \u201cAyotac\u201d con un tiradero a cielo abierto.<\/p>\n\n\n\n<p>Durante su comparecencia ante la 65 Legislatura de Oaxaca,la titular de la Secretar\u00eda del Medio Ambiente, Energ\u00edas y Desarrollo Sustentable, Helena Iturribarr\u00eda, &nbsp;inform\u00f3 de una denuncia contra el ayuntamiento capitalino y de la organizaci\u00f3n CATEM.<\/p>\n\n\n\n<p>Ante el hecho, Mart\u00ednez Neri dijo hoy en entrevista colectiva que de llegar el oficio, se atender\u00e1 lo correspondiente.<\/p>\n\n\n\n<p>El edil de Oaxaca reconoci\u00f3 que la crisis de basura contin\u00faa en la capital, por lo que mantienen vigente el plan de env\u00edo de residuos fuera del estado, as\u00ed como este jueves se reactivaron a las labores de recolecci\u00f3n de basura los camiones retenidos en San Pablo, Etla, desde el pasado 10 de noviembre.<\/p>\n\n\n\n<p>Los acuerdos entre ambas autoridades se firmaron este 23 de noviembre, entre los que se elimin\u00f3 la multa de cinco millones de pesos, pero se pag\u00f3 una sanci\u00f3n de poco m\u00e1s de 300 mil pesos a las autoridades vecinas de Etla, detall\u00f3.<\/p>\n\n\n\n<figure class=\"wp-block-embed is-type-rich is-provider-twitter wp-block-embed-twitter\"><div class=\"wp-block-embed__wrapper\">\n<div class=\"twitter-tweet\"><blockquote class=\"twitter-tweet\" data-lang=\"es\"><p lang=\"es\" dir=\"ltr\"><a href=\"https:\/\/twitter.com\/hashtag\/%C3%9AltimoMinuto?src=hash&amp;ref_src=twsrc%5Etfw\">#\u00daltimoMinuto<\/a> <br>En entrevista, el edil <a href=\"https:\/\/twitter.com\/FMartinezNeri?ref_src=twsrc%5Etfw\">@FMartinezNeri<\/a> inform\u00f3 que no ha recibido notificaci\u00f3n sobre la demanda de la <a href=\"https:\/\/twitter.com\/SEMAEDESO?ref_src=twsrc%5Etfw\">@semaedeso<\/a> por contaminaci\u00f3n con basura en la margen del r\u00edo \u201cAtoyac\u201d.<br>Dijo que se reanud\u00f3 el servicio de recolecci\u00f3n pero no hay soluci\u00f3n a la <a href=\"https:\/\/twitter.com\/hashtag\/CrisisDeLaBasura?src=hash&amp;ref_src=twsrc%5Etfw\">#CrisisDeLaBasura<\/a>. <a href=\"https:\/\/t.co\/FX2DAlt0V9\">pic.twitter.com\/FX2DAlt0V9<\/a><\/p>&mdash; Zona Roja Oaxaca (@ZonaRoja_Oaxaca) <a href=\"https:\/\/twitter.com\/ZonaRoja_Oaxaca\/status\/1595917100337745920?ref_src=twsrc%5Etfw\">24 de noviembre de 2022<\/a><\/blockquote><\/div>\n<\/div><\/figure>\n\n\n\n<p>PLAN DE INGRESOS<\/p>\n\n\n\n<p>Por otra parte, el edil inform\u00f3 que para el ejercicio 2023, el gobierno municipal de Oaxaca contempla una recaudaci\u00f3n de m\u00e1s de mil 500 millones de pesos.<\/p>\n\n\n\n<p>El plan municipal no prev\u00e9 aumentos en impuestos, a excepci\u00f3n de los que se cobran en Unidad de Medida y Actualizaci\u00f3n (UMA), pero se elimin\u00f3 el programa de \u201cborr\u00f3n y cuenta nueva\u201d para aplicar incentivos a quienes est\u00e1n al corriente.<\/p>\n\n\n\n<p>Por otra parte, descart\u00f3 su participaci\u00f3n en la marcha de la Ciudad de M\u00e9xico en apoyo al cuarto informe de gobierno del presidente Andr\u00e9s Manuel L\u00f3pez Obrador, pues cuenta con agenda de actividades relacionadas a su labor en la capital.&nbsp;<\/p>\n\n\n\n<p>Previo a la sesi\u00f3n de Cabildo, activistas de protecci\u00f3n animal protestaron de manera pac\u00edfica en el palacio municipal, para exigir m\u00e1s de un mill\u00f3n de pesos para esterilizaci\u00f3n de animales de la calle.<\/p>\n\n\n\n<p>Encabezados por Hilda Toledo, aseguraron que no se hab\u00eda aplicado el recurso municipal que se exige.<\/p>\n\n\n\n<p>El presidente Mart\u00ednez Neri atendi\u00f3 a los manifestantes y se comprometi\u00f3 a buscar recursos financieros para seguir promoviendo la protecci\u00f3n de los animales de la calle.<\/p>\n\n\n\n<figure class=\"wp-block-embed is-type-rich is-provider-twitter wp-block-embed-twitter\"><div class=\"wp-block-embed__wrapper\">\n<div class=\"twitter-tweet\"><blockquote class=\"twitter-tweet\" data-lang=\"es\"><p lang=\"es\" dir=\"ltr\"><a href=\"https:\/\/twitter.com\/hashtag\/%C3%9AltimoMinuto?src=hash&amp;ref_src=twsrc%5Etfw\">#\u00daltimoMinuto<\/a> <br>Tras reclamos a dos regidores, el edil <a href=\"https:\/\/twitter.com\/FMartinezNeri?ref_src=twsrc%5Etfw\">@FMartinezNeri<\/a> escuch\u00f3 a las activistas de protecci\u00f3n animal, quienes al final le reconocieron los apoyos para el cuidado de los animales callejeros. <a href=\"https:\/\/t.co\/ErFzKUmTUI\">pic.twitter.com\/ErFzKUmTUI<\/a><\/p>&mdash; Zona Roja Oaxaca (@ZonaRoja_Oaxaca) <a href=\"https:\/\/twitter.com\/ZonaRoja_Oaxaca\/status\/1595870121783971841?ref_src=twsrc%5Etfw\">24 de noviembre de 2022<\/a><\/blockquote><\/div>\n<\/div><\/figure>\n","protected":false},"excerpt":{"rendered":"<p>Yuridiana Sosa\/Zona Roja. Oaxaca de Ju\u00e1rez, Oax., 24 de noviembre de 2022.- El presidente municipal&hellip;<\/p>\n","protected":false},"author":2,"featured_media":48455,"comment_status":"closed","ping_status":"open","sticky":false,"template":"","format":"standard","meta":{"_lmt_disableupdate":"","_lmt_disable":"","_jetpack_memberships_contains_paid_content":false,"footnotes":""},"categories":[109,47],"tags":[2418],"class_list":["post-48454","post","type-post","status-publish","format-standard","has-post-thumbnail","hentry","category-minuto-a-minuto","category-zona-gris","tag-francisco-martinez-neri"],"jetpack_featured_media_url":"https:\/\/zonaroja.com.mx\/wp-content\/uploads\/2022\/11\/Edil-Francisco-Martinez-Neri-y-activistas.jpg","jetpack_sharing_enabled":true,"_links":{"self":[{"href":"https:\/\/zonaroja.com.mx\/index.php?rest_route=\/wp\/v2\/posts\/48454","targetHints":{"allow":["GET"]}}],"collection":[{"href":"https:\/\/zonaroja.com.mx\/index.php?rest_route=\/wp\/v2\/posts"}],"about":[{"href":"https:\/\/zonaroja.com.mx\/index.php?rest_route=\/wp\/v2\/types\/post"}],"author":[{"embeddable":true,"href":"https:\/\/zonaroja.com.mx\/index.php?rest_route=\/wp\/v2\/users\/2"}],"replies":[{"embeddable":true,"href":"https:\/\/zonaroja.com.mx\/index.php?rest_route=%2Fwp%2Fv2%2Fcomments&post=48454"}],"version-history":[{"count":1,"href":"https:\/\/zonaroja.com.mx\/index.php?rest_route=\/wp\/v2\/posts\/48454\/revisions"}],"predecessor-version":[{"id":48456,"href":"https:\/\/zonaroja.com.mx\/index.php?rest_route=\/wp\/v2\/posts\/48454\/revisions\/48456"}],"wp:featuredmedia":[{"embeddable":true,"href":"https:\/\/zonaroja.com.mx\/index.php?rest_route=\/wp\/v2\/media\/48455"}],"wp:attachment":[{"href":"https:\/\/zonaroja.com.mx\/index.php?rest_route=%2Fwp%2Fv2%2Fmedia&parent=48454"}],"wp:term":[{"taxonomy":"category","embeddable":true,"href":"https:\/\/zonaroja.com.mx\/index.php?rest_route=%2Fwp%2Fv2%2Fcategories&post=48454"},{"taxonomy":"post_tag","embeddable":true,"href":"https:\/\/zonaroja.com.mx\/index.php?rest_route=%2Fwp%2Fv2%2Ftags&post=48454"}],"curies":[{"name":"wp","href":"https:\/\/api.w.org\/{rel}","templated":true}]}}