{"id":48458,"date":"2022-11-24T20:39:50","date_gmt":"2022-11-25T02:39:50","guid":{"rendered":"http:\/\/www.zonaroja.com.mx\/?p=48458"},"modified":"2022-11-24T20:40:42","modified_gmt":"2022-11-25T02:40:42","slug":"despierta-seccion-22-de-snte-al-final-de-sexenio-de-murat-retoma-protestas-y-plantones","status":"publish","type":"post","link":"https:\/\/zonaroja.com.mx\/?p=48458","title":{"rendered":"Despierta Secci\u00f3n 22 de SNTE al final de sexenio de Murat; retoma protestas y \u201cplantones\u201d"},"content":{"rendered":"\n<p>Yuridiana Sosa\/Zona Roja.<\/p>\n\n\n\n<p>Oaxaca de Ju\u00e1rez, Oax., 24 de noviembre de 2022.- A punto de fenecer el sexenio de Alejandro Murat Hinojosa, la Secci\u00f3n 22 del Sindicato Nacional de Trabajadores de la Educaci\u00f3n (SNTE) retoma protestas masivas y hasta convoca a manifestarse contra el mandatario.<\/p>\n\n\n\n<p>Las protestas de la gremial durante este periodo fueron escasas, m\u00e1s all\u00e1 de las restricciones por la pandemia, lo que incluso provoc\u00f3 la molestia de las bases contra el secretario General, Eloy L\u00f3pez Hern\u00e1ndez, por considerar pasiva su actitud frente a las exigencias sindicales.<\/p>\n\n\n\n<p>Pero este jueves en la madrugada la Secci\u00f3n 22 del SNTE lanz\u00f3 la convocatoria para los trabajadores de la regi\u00f3n de la Costa para que lleven a cabo una protesta masiva el 25 de noviembre en \u201crepudio\u201d al homenaje previsto para el gobernador Alejandro Murat por parte del presidente Andr\u00e9s Manuel L\u00f3pez Obrador.<\/p>\n\n\n\n<p>\u201c\u00a1Mentira, no es cierto, Nada est\u00e1 resuelto!\u00a1No a la USICAMM!\u00a1Rechazo total a la UMA! \u00a1Incidencias Administrativas, ni un paso atr\u00e1s!\u00bb, alienta el llamado de la dirigencia para la movilizaci\u00f3n.<\/p>\n\n\n\n<p>As\u00ed tambi\u00e9n, este jueves, con motivo del vig\u00e9simo segundo Precongreso Democr\u00e1tico, la gremial reuni\u00f3 de manera masiva a los trabajadores de la regi\u00f3n de Valles Centrales en la capital del estado, e instalaron un \u201cplant\u00f3n\u201d en las calzadas Madero y Divisi\u00f3n Oriente, alrededor del hotel del magisterio, para llevar a cabo la renovaci\u00f3n del Comit\u00e9 Ejecutivo Seccional.<\/p>\n\n\n\n<p>A esta jornada se prev\u00e9 la llegada masiva de sindicalizados del resto de las regiones del estado, por lo que se espera importantes afectaciones viales en la capital.<\/p>\n\n\n\n<p>OTRAS PROTESTA<\/p>\n\n\n\n<p>A menos de una semana de que termine el sexenio, las protestas contin\u00faan en Oaxaca por incumplimiento del gobierno del estado.<\/p>\n\n\n\n<p>Ahora, fueron integrantes del Comit\u00e9 de V\u00edctimas del 2006 representados por la Liga Mexicana por la Defensa de los Derechos Humanos (Limeddh), quienes bloquearon la avenida Ju\u00e1rez, frente a Juzgados Federales, donde llevaron a cabo una clausura simb\u00f3lica del lugar.<\/p>\n\n\n\n<p>Los afectados denunciaron que el gobierno del estado no cumpli\u00f3 con sentencias federales, como sancionar a ex funcionarios estatales.<\/p>\n\n\n\n<p>La protesta caus\u00f3 importante afectaci\u00f3n vial para el acceso al Centro Hist\u00f3rico de Oaxaca.<\/p>\n\n\n\n<figure class=\"wp-block-embed is-type-rich is-provider-twitter wp-block-embed-twitter\"><div class=\"wp-block-embed__wrapper\">\n<div class=\"twitter-tweet\"><blockquote class=\"twitter-tweet\" data-lang=\"es\"><p lang=\"es\" dir=\"ltr\">\u00bfC\u00f3mo ve? Tras seis a\u00f1os de apat\u00eda y docilidad hacia el gobierno de <a href=\"https:\/\/twitter.com\/alejandromurat?ref_src=twsrc%5Etfw\">@alejandromurat<\/a>, la Secci\u00f3n 22 del SNTE se acord\u00f3 que hay que pendientes del Estado con el magisterio de Oaxaca y del pa\u00eds. <a href=\"https:\/\/t.co\/TefbFr6843\">pic.twitter.com\/TefbFr6843<\/a><\/p>&mdash; Zona Roja Oaxaca (@ZonaRoja_Oaxaca) <a href=\"https:\/\/twitter.com\/ZonaRoja_Oaxaca\/status\/1595955156419575808?ref_src=twsrc%5Etfw\">25 de noviembre de 2022<\/a><\/blockquote><\/div>\n<\/div><\/figure>\n","protected":false},"excerpt":{"rendered":"<p>Yuridiana Sosa\/Zona Roja. Oaxaca de Ju\u00e1rez, Oax., 24 de noviembre de 2022.- A punto de&hellip;<\/p>\n","protected":false},"author":2,"featured_media":48460,"comment_status":"closed","ping_status":"open","sticky":false,"template":"","format":"standard","meta":{"_lmt_disableupdate":"","_lmt_disable":"","_jetpack_memberships_contains_paid_content":false,"footnotes":""},"categories":[109,47],"tags":[312],"class_list":["post-48458","post","type-post","status-publish","format-standard","has-post-thumbnail","hentry","category-minuto-a-minuto","category-zona-gris","tag-seccion-22-del-snte"],"jetpack_featured_media_url":"https:\/\/zonaroja.com.mx\/wp-content\/uploads\/2022\/11\/Protesta-Seccion-22-SNTE.jpg","jetpack_sharing_enabled":true,"_links":{"self":[{"href":"https:\/\/zonaroja.com.mx\/index.php?rest_route=\/wp\/v2\/posts\/48458","targetHints":{"allow":["GET"]}}],"collection":[{"href":"https:\/\/zonaroja.com.mx\/index.php?rest_route=\/wp\/v2\/posts"}],"about":[{"href":"https:\/\/zonaroja.com.mx\/index.php?rest_route=\/wp\/v2\/types\/post"}],"author":[{"embeddable":true,"href":"https:\/\/zonaroja.com.mx\/index.php?rest_route=\/wp\/v2\/users\/2"}],"replies":[{"embeddable":true,"href":"https:\/\/zonaroja.com.mx\/index.php?rest_route=%2Fwp%2Fv2%2Fcomments&post=48458"}],"version-history":[{"count":1,"href":"https:\/\/zonaroja.com.mx\/index.php?rest_route=\/wp\/v2\/posts\/48458\/revisions"}],"predecessor-version":[{"id":48462,"href":"https:\/\/zonaroja.com.mx\/index.php?rest_route=\/wp\/v2\/posts\/48458\/revisions\/48462"}],"wp:featuredmedia":[{"embeddable":true,"href":"https:\/\/zonaroja.com.mx\/index.php?rest_route=\/wp\/v2\/media\/48460"}],"wp:attachment":[{"href":"https:\/\/zonaroja.com.mx\/index.php?rest_route=%2Fwp%2Fv2%2Fmedia&parent=48458"}],"wp:term":[{"taxonomy":"category","embeddable":true,"href":"https:\/\/zonaroja.com.mx\/index.php?rest_route=%2Fwp%2Fv2%2Fcategories&post=48458"},{"taxonomy":"post_tag","embeddable":true,"href":"https:\/\/zonaroja.com.mx\/index.php?rest_route=%2Fwp%2Fv2%2Ftags&post=48458"}],"curies":[{"name":"wp","href":"https:\/\/api.w.org\/{rel}","templated":true}]}}