{"id":48463,"date":"2022-11-24T20:59:18","date_gmt":"2022-11-25T02:59:18","guid":{"rendered":"http:\/\/www.zonaroja.com.mx\/?p=48463"},"modified":"2022-11-24T20:59:20","modified_gmt":"2022-11-25T02:59:20","slug":"en-menos-de-48-horas-fiscalia-logra-aprehender-a-tres-probables-agresores-sexuales","status":"publish","type":"post","link":"https:\/\/zonaroja.com.mx\/?p=48463","title":{"rendered":"En menos de 48 horas, Fiscal\u00eda logra aprehender a tres probables agresores sexuales"},"content":{"rendered":"\n<p>Redacci\u00f3n\/Zona Roja.&nbsp;<\/p>\n\n\n\n<p>Oaxaca de Ju\u00e1rez, Oax., 24 de noviembre de 2022.- La Fiscal\u00eda General del Estado de Oaxaca (FGEO), a trav\u00e9s de la Agencia Estatal de Investigaciones (AEI) cumpliment\u00f3 -en menos de 48 horas- tres \u00f3rdenes de aprehensi\u00f3n contra probables responsables de delitos sexuales cometidos en diferentes regiones de la entidad, quienes fueron presentados ante la autoridad judicial correspondiente.<\/p>\n\n\n\n<p>En un primer hecho -asentado en la causa penal 1073\/2022-, el pasado 22 de noviembre del a\u00f1o en curso, elementos de la AEI lograron aprehender a la persona del sexo masculino identificada como A. A. V. R., probable responsable del delito de violaci\u00f3n agravada en contra de una adolescente -de identidad reservada por Ley-, cometido entre los meses de agosto y septiembre de 2021, en jurisdicci\u00f3n de Villa de Zaachila, en la regi\u00f3n de Valles Centrales.<\/p>\n\n\n\n<p>Asimismo, efectivos de la polic\u00eda investigadora de la FGEO cumplimentaron orden de aprehensi\u00f3n contra el masculino G. C. J., quien en agosto de 2022 probablemente agredi\u00f3 de manera sexual a una ni\u00f1a, en el municipio de San Miguel Huautepec, en la regi\u00f3n de la Ca\u00f1ada; hechos asentados en la causa penal 208\/2022.<\/p>\n\n\n\n<p>Finalmente, el pasado 23 de noviembre, en Villa de Tututepec de Melchor Ocampo, en la regi\u00f3n de la Costa, la AEI logr\u00f3 la aprehensi\u00f3n del masculino identificado como A. S. A. o A. L. A., probable responsable del delito de violaci\u00f3n equiparada en contra de una persona del sexo femenino identificada como L. A. M. G.; hechos asentados en la causa penal 514\/2022.<\/p>\n\n\n\n<p>Los tres probables agresores sexuales fueron puestos a disposici\u00f3n del Agente del Ministerio P\u00fablico de la FGEO que los pondr\u00e1 a disposici\u00f3n del juez que atiende cada una de las causas para resolver su situaci\u00f3n jur\u00eddica en las pr\u00f3ximas horas.&nbsp;<\/p>\n\n\n\n<p>La Fiscal\u00eda General garantiza justicia plena a v\u00edctimas de delitos, presentando ante la justicia y aplicando todo el rigor de la Ley a quienes resulten responsables.<\/p>\n\n\n\n<p>SENTENCIADOS Y VINCULADOS<\/p>\n\n\n\n<p>Por otra parte, la Fiscal\u00eda General del Estado de Oaxaca obtuvo, del Juez de Control, sentencia condenatoria de dos a\u00f1os prisi\u00f3n contra la persona del sexo masculino identificada como F. H. O., responsable del delito de violencia familiar en agravio de A. O. D., cometido en noviembre de 2021, en la Heroica Ciudad de Huajuapan de Le\u00f3n, en la regi\u00f3n Mixteca.<\/p>\n\n\n\n<p>De acuerdo con la causa penal 072\/2022, el 8 de noviembre de 2021, el responsable agredi\u00f3 de manera f\u00edsica a la v\u00edctima, cuando se encontraba en un domicilio, ubicado en inmediaciones del centro de la demarcaci\u00f3n antes mencionada.<\/p>\n\n\n\n<p>Luego de que fuera presentado ante el juez, posteriormente fue vinculado a proceso y finalmente en audiencia de procedimiento abreviado se dict\u00f3 sentencia condenatoria contra el responsable, imponi\u00e9ndole la pena de 2 a\u00f1os de prisi\u00f3n y ordenando el pago de la reparaci\u00f3n del da\u00f1o.<\/p>\n\n\n\n<p>En otro hecho, la Instituci\u00f3n de procuraci\u00f3n de justicia -a trav\u00e9s de la Vicefiscal\u00eda Regional de la Mixteca- obtuvo auto de vinculaci\u00f3n a proceso contra A. E. R. R (mujer). y B. L. P., por el delito de violencia familiar en contra de un ni\u00f1o de 8 a\u00f1os, cuya identidad es reservada por Ley.<\/p>\n\n\n\n<p>De acuerdo a la carpeta de investigaci\u00f3n 44989\/FMIX\/PUTLA\/2019, el 25 de diciembre de 2019 la imputada agredi\u00f3 f\u00edsicamente a la v\u00edctima y el d\u00eda 26 de diciembre de 2019, el imputado tambi\u00e9n agredi\u00f3 al menor de edad. Cabe mencionar que ambas agresiones fueron en un domicilio ubicado en Putla Villa de Guerrero.<\/p>\n\n\n\n<p>En audiencia, el Juzgado de Control dict\u00f3 auto de vinculaci\u00f3n a proceso contra los probables responsables y otorg\u00f3 dos meses para el cierre de investigaci\u00f3n complementaria.<\/p>\n\n\n\n<p>En otro caso diferente, tambi\u00e9n por el delito de violencia familiar, y de acuerdo a la causa penal 233\/2022, el 8 de marzo de 2022, en la regi\u00f3n de la Mixteca, el masculino J. C. G. L., probablemente agredi\u00f3 f\u00edsicamente a la v\u00edctima F. R. L. En este sentido la FGEO obtuvo auto de vinculaci\u00f3n a proceso en contra del masculino antes mencionado.<\/p>\n\n\n\n<p>Para la Fiscal\u00eda General del Estado es prioritario presentar ante la justicia y aplicar todo el rigor de la Ley a responsables de delitos que atentan contra la integridad y derechos de mujeres, ni\u00f1as, ni\u00f1os y adolescentes.<\/p>\n","protected":false},"excerpt":{"rendered":"<p>Redacci\u00f3n\/Zona Roja.&nbsp; Oaxaca de Ju\u00e1rez, Oax., 24 de noviembre de 2022.- La Fiscal\u00eda General del&hellip;<\/p>\n","protected":false},"author":2,"featured_media":48305,"comment_status":"closed","ping_status":"open","sticky":false,"template":"","format":"standard","meta":{"_lmt_disableupdate":"","_lmt_disable":"","_jetpack_memberships_contains_paid_content":false,"footnotes":""},"categories":[109,46],"tags":[494],"class_list":["post-48463","post","type-post","status-publish","format-standard","has-post-thumbnail","hentry","category-minuto-a-minuto","category-zona-blanca","tag-fiscalia-general-del-estado-de-oaxaca"],"jetpack_featured_media_url":"https:\/\/zonaroja.com.mx\/wp-content\/uploads\/2022\/11\/Justicia-violencia-mujeres-feminicidios.jpg","jetpack_sharing_enabled":true,"_links":{"self":[{"href":"https:\/\/zonaroja.com.mx\/index.php?rest_route=\/wp\/v2\/posts\/48463","targetHints":{"allow":["GET"]}}],"collection":[{"href":"https:\/\/zonaroja.com.mx\/index.php?rest_route=\/wp\/v2\/posts"}],"about":[{"href":"https:\/\/zonaroja.com.mx\/index.php?rest_route=\/wp\/v2\/types\/post"}],"author":[{"embeddable":true,"href":"https:\/\/zonaroja.com.mx\/index.php?rest_route=\/wp\/v2\/users\/2"}],"replies":[{"embeddable":true,"href":"https:\/\/zonaroja.com.mx\/index.php?rest_route=%2Fwp%2Fv2%2Fcomments&post=48463"}],"version-history":[{"count":1,"href":"https:\/\/zonaroja.com.mx\/index.php?rest_route=\/wp\/v2\/posts\/48463\/revisions"}],"predecessor-version":[{"id":48464,"href":"https:\/\/zonaroja.com.mx\/index.php?rest_route=\/wp\/v2\/posts\/48463\/revisions\/48464"}],"wp:featuredmedia":[{"embeddable":true,"href":"https:\/\/zonaroja.com.mx\/index.php?rest_route=\/wp\/v2\/media\/48305"}],"wp:attachment":[{"href":"https:\/\/zonaroja.com.mx\/index.php?rest_route=%2Fwp%2Fv2%2Fmedia&parent=48463"}],"wp:term":[{"taxonomy":"category","embeddable":true,"href":"https:\/\/zonaroja.com.mx\/index.php?rest_route=%2Fwp%2Fv2%2Fcategories&post=48463"},{"taxonomy":"post_tag","embeddable":true,"href":"https:\/\/zonaroja.com.mx\/index.php?rest_route=%2Fwp%2Fv2%2Ftags&post=48463"}],"curies":[{"name":"wp","href":"https:\/\/api.w.org\/{rel}","templated":true}]}}