{"id":48465,"date":"2022-11-24T21:44:02","date_gmt":"2022-11-25T03:44:02","guid":{"rendered":"http:\/\/www.zonaroja.com.mx\/?p=48465"},"modified":"2022-11-24T21:44:04","modified_gmt":"2022-11-25T03:44:04","slug":"mata-crimen-organizado-a-comandante-de-guardia-nacional-en-zacatecas","status":"publish","type":"post","link":"https:\/\/zonaroja.com.mx\/?p=48465","title":{"rendered":"Mata crimen organizado a comandante de Guardia Nacional en Zacatecas"},"content":{"rendered":"\n<p>Redacci\u00f3n\/Zona Roja.<\/p>\n\n\n\n<p>Oaxaca de Ju\u00e1rez, Oax., a 24 de noviembre de 2022.- Tras unas seis horas de enfrentamiento, integrantes de la delincuencia organizada asesinaron en Zacatecas al General Jos\u00e9 Silvestre Urz\u00faa Padilla, coordinador de la Guardia Nacional.<\/p>\n\n\n\n<p>Ello lo confirm\u00f3 el gobernador David Monreal \u00c1vila, del Partido Morena, al exponer que habr\u00e1 justicia por este asesinato, ocurrido este jueves en la comunidad de Pinos.<\/p>\n\n\n\n<p>El General Urz\u00faa Padilla fue herido y trasladado en el helic\u00f3ptero de la Secretar\u00eda de Seguridad P\u00fablica para recibir atenci\u00f3n m\u00e9dica.<\/p>\n\n\n\n<p>La refriega dej\u00f3 tres guardias y dos agentes de la Polic\u00eda de Investigaci\u00f3n heridos. Adem\u00e1s, se report\u00f3 la muerte de por lo menos cinco presuntos delincuentes.&nbsp;&nbsp;<\/p>\n\n\n\n<p>La aeronave arrib\u00f3 al municipio de Guadalupe a escasos metros de la Zona Militar, sin embargo el Coordinador de la Guardia Nacional perdi\u00f3 la vida al llegar al nosocomio.<\/p>\n\n\n\n<p>Tom\u00f3 posesi\u00f3n del cargo como nuevo coordinador estatal de la Guardia Nacional en el estado de Zacatecas en el mes de enero de 2022, y que anteriormente, habr\u00eda fungido como Jefe de Estado Mayor de la 27 Zona Militar en el estado de Guerrero.&nbsp;<\/p>\n","protected":false},"excerpt":{"rendered":"<p>Redacci\u00f3n\/Zona Roja. Oaxaca de Ju\u00e1rez, Oax., a 24 de noviembre de 2022.- Tras unas seis&hellip;<\/p>\n","protected":false},"author":2,"featured_media":48466,"comment_status":"closed","ping_status":"open","sticky":false,"template":"","format":"standard","meta":{"_lmt_disableupdate":"","_lmt_disable":"","_jetpack_memberships_contains_paid_content":false,"footnotes":""},"categories":[109,51],"tags":[1794],"class_list":["post-48465","post","type-post","status-publish","format-standard","has-post-thumbnail","hentry","category-minuto-a-minuto","category-zona-roja","tag-zacatecas"],"jetpack_featured_media_url":"https:\/\/zonaroja.com.mx\/wp-content\/uploads\/2022\/11\/Comandante-Guardia-Nacional-asesinado.jpeg","jetpack_sharing_enabled":true,"_links":{"self":[{"href":"https:\/\/zonaroja.com.mx\/index.php?rest_route=\/wp\/v2\/posts\/48465","targetHints":{"allow":["GET"]}}],"collection":[{"href":"https:\/\/zonaroja.com.mx\/index.php?rest_route=\/wp\/v2\/posts"}],"about":[{"href":"https:\/\/zonaroja.com.mx\/index.php?rest_route=\/wp\/v2\/types\/post"}],"author":[{"embeddable":true,"href":"https:\/\/zonaroja.com.mx\/index.php?rest_route=\/wp\/v2\/users\/2"}],"replies":[{"embeddable":true,"href":"https:\/\/zonaroja.com.mx\/index.php?rest_route=%2Fwp%2Fv2%2Fcomments&post=48465"}],"version-history":[{"count":1,"href":"https:\/\/zonaroja.com.mx\/index.php?rest_route=\/wp\/v2\/posts\/48465\/revisions"}],"predecessor-version":[{"id":48467,"href":"https:\/\/zonaroja.com.mx\/index.php?rest_route=\/wp\/v2\/posts\/48465\/revisions\/48467"}],"wp:featuredmedia":[{"embeddable":true,"href":"https:\/\/zonaroja.com.mx\/index.php?rest_route=\/wp\/v2\/media\/48466"}],"wp:attachment":[{"href":"https:\/\/zonaroja.com.mx\/index.php?rest_route=%2Fwp%2Fv2%2Fmedia&parent=48465"}],"wp:term":[{"taxonomy":"category","embeddable":true,"href":"https:\/\/zonaroja.com.mx\/index.php?rest_route=%2Fwp%2Fv2%2Fcategories&post=48465"},{"taxonomy":"post_tag","embeddable":true,"href":"https:\/\/zonaroja.com.mx\/index.php?rest_route=%2Fwp%2Fv2%2Ftags&post=48465"}],"curies":[{"name":"wp","href":"https:\/\/api.w.org\/{rel}","templated":true}]}}