{"id":4847,"date":"2019-10-15T13:54:33","date_gmt":"2019-10-15T18:54:33","guid":{"rendered":"https:\/\/www.zonaroja.com.mx\/?p=4847"},"modified":"2019-10-15T13:54:35","modified_gmt":"2019-10-15T18:54:35","slug":"en-menos-de-15-dias-regresa-amlo-a-oaxaca-anuncia-gira-este-fin-de-semana","status":"publish","type":"post","link":"https:\/\/zonaroja.com.mx\/?p=4847","title":{"rendered":"En menos de 15 d\u00edas regresa AMLO a Oaxaca, anuncia gira este fin de semana"},"content":{"rendered":"\n<p>Evlin Arag\u00f3n\/Zona Roja.<\/p>\n\n\n\n<p>Oaxaca&nbsp;de Ju\u00e1rez, Oax., 15 de octubre de 2019.-&nbsp;El Presidente de la Rep\u00fablica, Andr\u00e9s Manuel L\u00f3pez Obrador, visitar\u00e1 la entidad oaxaque\u00f1a&nbsp;<a href=\"\/\/0\">del 18 al 20 de octubre<\/a>; sus actividades&nbsp;incluyen su conferencia ma\u00f1anera del d\u00eda viernes, que ser\u00e1&nbsp;<a href=\"\/\/2\">a las 07:00 horas<\/a>.<\/p>\n\n\n\n<p>De acuerdo con la&nbsp;agenda preliminar difundida,&nbsp;las localidades que visitar\u00e1 durante este fin de semana son: Heroica Ciudad de Tlaxiaco, Putla Villa de Guerrero, Asunci\u00f3n Nochixtl\u00e1n, San Juan Bautista Cuicatl\u00e1n y Santa Mar\u00eda Ecatepec.<\/p>\n\n\n\n<p>Sus actividades forman parte de la supervisi\u00f3n que mantiene de los hospitales rurales, as\u00ed como de la construcci\u00f3n de vialidades en las localidades ind\u00edgenas, como parte del Programa de Pavimentaci\u00f3n de Caminos a Cabeceras Municipales, que encabeza el Instituto Nacional de los Pueblos Ind\u00edgenas (INPI).<\/p>\n\n\n\n<p>Apenas hace una semana, el mandatario federal estuvo en tierras oaxaque\u00f1as<\/p>\n\n\n\n<p>visitando al menos tres hospitales rurales ubicados en las regiones de la Costa y Mixteca de la entidad oaxaque\u00f1a, siendo Santiago Jamiltepec, Santiago Juxtlahuaca y Huajuapan de Le\u00f3n, las localidades en las que realiz\u00f3 actos p\u00fablico.<\/p>\n\n\n\n<p>Fue en Santiago Juxtlahuaca donde L\u00f3pez Obrador se comprometi\u00f3 a mediar el conflicto existente en la zona triqui, la cual lleva m\u00e1s de diez a\u00f1os sin tener soluci\u00f3n ante la violencia que se vive y la cantidad de personas desplazadas que ha dejado a su paso.<\/p>\n\n\n\n<p>Durante sus primeros diez meses de administraci\u00f3n, L\u00f3pez Obrador ha visitado tambi\u00e9n los municipios de San Juan Evangenlista Analco, Salina Cruz, San Pablo Guelatao, Juchit\u00e1n de Zaragoza, San Juan Atepec, Huautla de Jim\u00e9nez, San Idelfonso Villa Alta, Miahutl\u00e1n de Porfirio D\u00edaz, Tlacolula de Matamoros y por supuesto la ciudad de Oaxaca.<\/p>\n\n\n\n<p>Por otra parte, este mismo fin de semana se tienen programadas las Asambleas Distritales al interior del Movimiento de Regeneraci\u00f3n Nacional (Morena), como parte de las actividades que se realizan para el inminente cambio en la dirigencia oaxaque\u00f1a, proceso que tambi\u00e9n se lleva a cabo a nivel nacional.<br class=\"Apple-interchange-newline\" \/><\/p>\n\n\n\n<p><\/p>\n","protected":false},"excerpt":{"rendered":"<p>Evlin Arag\u00f3n\/Zona Roja. Oaxaca&nbsp;de Ju\u00e1rez, Oax., 15 de octubre de 2019.-&nbsp;El Presidente de la Rep\u00fablica,&hellip;<\/p>\n","protected":false},"author":2,"featured_media":4846,"comment_status":"closed","ping_status":"open","sticky":false,"template":"","format":"standard","meta":{"_lmt_disableupdate":"","_lmt_disable":"","_jetpack_memberships_contains_paid_content":false,"footnotes":""},"categories":[1],"tags":[],"class_list":["post-4847","post","type-post","status-publish","format-standard","has-post-thumbnail","hentry","category-sin-categoria"],"jetpack_featured_media_url":"https:\/\/zonaroja.com.mx\/wp-content\/uploads\/2019\/10\/img_8406.jpg","jetpack_sharing_enabled":true,"_links":{"self":[{"href":"https:\/\/zonaroja.com.mx\/index.php?rest_route=\/wp\/v2\/posts\/4847","targetHints":{"allow":["GET"]}}],"collection":[{"href":"https:\/\/zonaroja.com.mx\/index.php?rest_route=\/wp\/v2\/posts"}],"about":[{"href":"https:\/\/zonaroja.com.mx\/index.php?rest_route=\/wp\/v2\/types\/post"}],"author":[{"embeddable":true,"href":"https:\/\/zonaroja.com.mx\/index.php?rest_route=\/wp\/v2\/users\/2"}],"replies":[{"embeddable":true,"href":"https:\/\/zonaroja.com.mx\/index.php?rest_route=%2Fwp%2Fv2%2Fcomments&post=4847"}],"version-history":[{"count":1,"href":"https:\/\/zonaroja.com.mx\/index.php?rest_route=\/wp\/v2\/posts\/4847\/revisions"}],"predecessor-version":[{"id":4848,"href":"https:\/\/zonaroja.com.mx\/index.php?rest_route=\/wp\/v2\/posts\/4847\/revisions\/4848"}],"wp:featuredmedia":[{"embeddable":true,"href":"https:\/\/zonaroja.com.mx\/index.php?rest_route=\/wp\/v2\/media\/4846"}],"wp:attachment":[{"href":"https:\/\/zonaroja.com.mx\/index.php?rest_route=%2Fwp%2Fv2%2Fmedia&parent=4847"}],"wp:term":[{"taxonomy":"category","embeddable":true,"href":"https:\/\/zonaroja.com.mx\/index.php?rest_route=%2Fwp%2Fv2%2Fcategories&post=4847"},{"taxonomy":"post_tag","embeddable":true,"href":"https:\/\/zonaroja.com.mx\/index.php?rest_route=%2Fwp%2Fv2%2Ftags&post=4847"}],"curies":[{"name":"wp","href":"https:\/\/api.w.org\/{rel}","templated":true}]}}