{"id":48472,"date":"2022-11-25T08:30:00","date_gmt":"2022-11-25T14:30:00","guid":{"rendered":"http:\/\/www.zonaroja.com.mx\/?p=48472"},"modified":"2022-11-25T06:47:46","modified_gmt":"2022-11-25T12:47:46","slug":"por-hacinamiento-de-migrantes-registra-tapanatepec-5-casos-de-paludismo","status":"publish","type":"post","link":"https:\/\/zonaroja.com.mx\/?p=48472","title":{"rendered":"Por hacinamiento de migrantes, registra Tapanatepec 5 casos de paludismo"},"content":{"rendered":"\n<p>Redacci\u00f3n\/Zona Roja.<\/p>\n\n\n\n<p>Oaxaca de Ju\u00e1rez, Oax., a 25 de noviembre de 2022.- La dependencia Servicios de Salud de Oaxaca report\u00f3 cinco casos de paludismo en San Pedro Tapanatepec, municipio de la zona oriente del Istmo, donde desde hace m\u00e1s de un mes hay m\u00e1s de 10 mil migrantes hacinados.<\/p>\n\n\n\n<p>En un comunicado, dio a conocer que hasta la semana epidemiol\u00f3gica n\u00famero 46, el Instituto de Diagn\u00f3stico y Referencia Epidemiol\u00f3gicos (Indre), de la Secretar\u00eda de Salud federal, confirm\u00f3 cinco casos (uno importado y cuatro aut\u00f3ctonos) de este padecimiento en la regi\u00f3n istme\u00f1a.<\/p>\n\n\n\n<p>Destac\u00f3 que, con especial atenci\u00f3n, se ha fortalecido el abordaje integral del Plan de Atenci\u00f3n a la Salud de la poblaci\u00f3n local y migrante en San Pedro Tapanatepec, con la participaci\u00f3n de la Direcci\u00f3n General de Epidemiolog\u00eda (DGE) y el Centro Nacional de Programas Preventivos y Control de Enfermedades (Cenaprece) de la Secretar\u00eda de Salud, as\u00ed como, la cooperaci\u00f3n de la Organizaci\u00f3n Panamericana y Mundial de la Salud (OPS\/OMS).<\/p>\n\n\n\n<p>La instituci\u00f3n ha intensificado las acciones de prevenci\u00f3n, promoci\u00f3n y atenci\u00f3n, contra el paludismo en la entidad, mediante la Red de Vigilancia Epidemiol\u00f3gica en unidades de primer y segundo nivel de atenci\u00f3n, el an\u00e1lisis de las muestras de sangre a trav\u00e9s de la t\u00e9cnica de gota gruesa, monitoreo de las especies del mosquito y la nebulizaci\u00f3n espec\u00edfica.<\/p>\n\n\n\n<p>Ello, con la finalidad de contribuir a preservar y mantener la salud de la poblaci\u00f3n, con especial atenci\u00f3n en los grupos en situaci\u00f3n de vulnerabilidad.<\/p>\n\n\n\n<p>Agreg\u00f3 que se han redoblado las estrategias de control integrado a nivel intersectorial para la notificaci\u00f3n de casos, diagn\u00f3stico y tratamiento oportuno o adecuado, as\u00ed como la eliminaci\u00f3n de criaderos del vector (b\u00fasqueda de larvas, y zancudos) mediante el saneamiento del medio ambiente con la intervenci\u00f3n del Programa Vectores, as\u00ed como, Regulaci\u00f3n y Fomento Sanitario.<\/p>\n\n\n\n<p>Puntualiz\u00f3 que la participaci\u00f3n comunitaria es tambi\u00e9n clave para combatir esta patolog\u00eda causada por par\u00e1sitos del g\u00e9nero Plasmodium y Vivax, que transmiten este padecimiento a las personas por la picadura de hembras infectadas del mosquito Anopheles.<\/p>\n\n\n\n<p>De ah\u00ed, que recomend\u00f3 a los habitantes de esta zona geogr\u00e1fica, principalmente, instalar mallas mosquiteras en puertas y ventanas, poner pabellones para dormir, usar manga larga, pantal\u00f3n y repelente, cortar la maleza y hierba que est\u00e1 alrededor del hogar, eliminar algas en r\u00edos, rellenar con arena o tierra los charcos y encalar paredes para evitar fisuras donde se aloje este insecto.<\/p>\n\n\n\n<p>Explic\u00f3 que los s\u00edntomas de esta enfermedad son: fiebre, cefalea y escalofr\u00edos, sudores nocturnos o temblores, n\u00e1usea, v\u00f3mito, dolor de abdomen, m\u00fasculos, fatiga, diarrea, confusi\u00f3n, frecuencia card\u00edaca r\u00e1pida o palidez, los cuales, aparecen 10 a 15 d\u00edas despu\u00e9s de la picadura del mosquito.&nbsp;<\/p>\n","protected":false},"excerpt":{"rendered":"<p>Redacci\u00f3n\/Zona Roja. Oaxaca de Ju\u00e1rez, Oax., a 25 de noviembre de 2022.- La dependencia Servicios&hellip;<\/p>\n","protected":false},"author":2,"featured_media":48473,"comment_status":"closed","ping_status":"open","sticky":false,"template":"","format":"standard","meta":{"_lmt_disableupdate":"","_lmt_disable":"","_jetpack_memberships_contains_paid_content":false,"footnotes":""},"categories":[109,47],"tags":[206],"class_list":["post-48472","post","type-post","status-publish","format-standard","has-post-thumbnail","hentry","category-minuto-a-minuto","category-zona-gris","tag-san-pedro-tapanatepec"],"jetpack_featured_media_url":"https:\/\/zonaroja.com.mx\/wp-content\/uploads\/2022\/11\/Migrantes-San-Pedro-Tapanatepec-.jpeg","jetpack_sharing_enabled":true,"_links":{"self":[{"href":"https:\/\/zonaroja.com.mx\/index.php?rest_route=\/wp\/v2\/posts\/48472","targetHints":{"allow":["GET"]}}],"collection":[{"href":"https:\/\/zonaroja.com.mx\/index.php?rest_route=\/wp\/v2\/posts"}],"about":[{"href":"https:\/\/zonaroja.com.mx\/index.php?rest_route=\/wp\/v2\/types\/post"}],"author":[{"embeddable":true,"href":"https:\/\/zonaroja.com.mx\/index.php?rest_route=\/wp\/v2\/users\/2"}],"replies":[{"embeddable":true,"href":"https:\/\/zonaroja.com.mx\/index.php?rest_route=%2Fwp%2Fv2%2Fcomments&post=48472"}],"version-history":[{"count":1,"href":"https:\/\/zonaroja.com.mx\/index.php?rest_route=\/wp\/v2\/posts\/48472\/revisions"}],"predecessor-version":[{"id":48474,"href":"https:\/\/zonaroja.com.mx\/index.php?rest_route=\/wp\/v2\/posts\/48472\/revisions\/48474"}],"wp:featuredmedia":[{"embeddable":true,"href":"https:\/\/zonaroja.com.mx\/index.php?rest_route=\/wp\/v2\/media\/48473"}],"wp:attachment":[{"href":"https:\/\/zonaroja.com.mx\/index.php?rest_route=%2Fwp%2Fv2%2Fmedia&parent=48472"}],"wp:term":[{"taxonomy":"category","embeddable":true,"href":"https:\/\/zonaroja.com.mx\/index.php?rest_route=%2Fwp%2Fv2%2Fcategories&post=48472"},{"taxonomy":"post_tag","embeddable":true,"href":"https:\/\/zonaroja.com.mx\/index.php?rest_route=%2Fwp%2Fv2%2Ftags&post=48472"}],"curies":[{"name":"wp","href":"https:\/\/api.w.org\/{rel}","templated":true}]}}