{"id":48475,"date":"2022-11-25T08:47:00","date_gmt":"2022-11-25T14:47:00","guid":{"rendered":"http:\/\/www.zonaroja.com.mx\/?p=48475"},"modified":"2022-11-25T07:13:56","modified_gmt":"2022-11-25T13:13:56","slug":"tiene-oaxaca-su-brigada-marabunta-cuidara-derechos-en-marchas","status":"publish","type":"post","link":"https:\/\/zonaroja.com.mx\/?p=48475","title":{"rendered":"Tiene Oaxaca su Brigada Marabunta; cuidar\u00e1 derechos en marchas"},"content":{"rendered":"\n<p>Redacci\u00f3n\/Zona Roja.<\/p>\n\n\n\n<p>Oaxaca de Ju\u00e1rez, Oax., a 25 de noviembre de 2022.- Este jueves, en la explanada de Rector\u00eda de la Universidad Aut\u00f3noma \u201cBenito Ju\u00e1rez\u201d de Oaxaca (UABJO), se llev\u00f3 a cabo la presentaci\u00f3n y entrada en acci\u00f3n de la Brigada Humanitaria de Paz \u201cMarabunta\u201d, Cap\u00edtulo Oaxaca.<\/p>\n\n\n\n<p>Se trata de un equipo de j\u00f3venes, principalmente mujeres, que comenzar\u00e1n a trabajar en la observaci\u00f3n y defensa de los derechos humanos en el contexto de marchas y manifestaciones.&nbsp;<\/p>\n\n\n\n<p>En su oportunidad,&nbsp;el director de la Brigada Humanitaria de Paz \u201cMarabunta\u201d y miembro fundador, Miguel Barrera, explic\u00f3 que el contexto en el que surgi\u00f3 este proyecto fue justamente de la experiencia de vida en la calle, de la indignaci\u00f3n y la b\u00fasqueda de justicia.&nbsp;<\/p>\n\n\n\n<p>Dijo que toda esa violencia que se viv\u00eda en las colonias, como la \u201cGabriel Hern\u00e1ndez\u201d, al norte de la ciudad de M\u00e9xico, de donde es originario, deton\u00f3 la organizaci\u00f3n de grupos formados con vecinos, en su mayor\u00eda j\u00f3venes.&nbsp;<\/p>\n\n\n\n<p>Y destac\u00f3 que si bien en \u201cMarabunta\u201d hay presencia de personas adultas, en su mayor\u00eda se trata de una organizaci\u00f3n de j\u00f3venes, principalmente de mujeres.&nbsp;<\/p>\n\n\n\n<p>\u201cNo somos pacifistas, somos pacificadores, toda la experiencia del barrio la empezamos a aplicar en las movilizaciones; a defender la libertad de expresi\u00f3n para que \u00e9stas concluyeran bien porque la gente sal\u00eda a marchar y era muy f\u00e1cil que la reventaran y entonces la raz\u00f3n de esta manifestaci\u00f3n no se entend\u00eda\u201d, se\u00f1al\u00f3.&nbsp;<\/p>\n\n\n\n<p>Por su parte, Carla R\u00edos, subdirectora de \u201cMarabunta\u201d a\u00f1adi\u00f3: \u201cel gran objetivo de esta organizaci\u00f3n es que no tuvi\u00e9ramos que existir, que la labor que hacemos, la defensa de derechos humanos no fuera necesaria en este pa\u00eds, pero frente a esa realidad tuvimos que crear estas opciones\u201d. &nbsp;<\/p>\n\n\n\n<p>Record\u00f3 que historia de la Brigada \u201cMarabunta\u201d empez\u00f3 creyendo en el arte como una herramienta de justicia, de memoria y de no repetici\u00f3n, por lo que, destac\u00f3 que antes de asumirse como defensores de derechos humanos, se asumen como \u201cartivistas\u201d, pues aseguran que es necesario \u201cpartir desde el coraz\u00f3n para hacer lo que hacemos\u201d.<\/p>\n\n\n\n<p>\u201cNadie entend\u00eda y nadie cre\u00eda que hab\u00eda un grupo de personas poni\u00e9ndose en medio de polic\u00edas y manifestantes recibiendo golpes\u201d, dijo.\u00a0<\/p>\n\n\n\n<figure class=\"wp-block-embed is-type-rich is-provider-twitter wp-block-embed-twitter\"><div class=\"wp-block-embed__wrapper\">\n<div class=\"twitter-tweet\"><blockquote class=\"twitter-tweet\" data-lang=\"es\"><p lang=\"es\" dir=\"ltr\">&quot;Hay muchas maneras de construir la <a href=\"https:\/\/twitter.com\/hashtag\/paz?src=hash&amp;ref_src=twsrc%5Etfw\">#paz<\/a>, como la reconstrucci\u00f3n del tejido social, la b\u00fasqueda de personas desaparecidas, el evitar la represi\u00f3n y la criminalizaci\u00f3n y las violaciones de <a href=\"https:\/\/twitter.com\/hashtag\/DDHH?src=hash&amp;ref_src=twsrc%5Etfw\">#DDHH<\/a> como una apuesta fundamental; Consorcio tiene esa apuesta como misi\u00f3n&quot;<a href=\"https:\/\/twitter.com\/YesicaS53127681?ref_src=twsrc%5Etfw\">@YesicaS53127681<\/a> <a href=\"https:\/\/t.co\/sTV5nw2hvM\">pic.twitter.com\/sTV5nw2hvM<\/a><\/p>&mdash; Consorcio Oaxaca (@consorciooaxaca) <a href=\"https:\/\/twitter.com\/consorciooaxaca\/status\/1595926341417078785?ref_src=twsrc%5Etfw\">24 de noviembre de 2022<\/a><\/blockquote><\/div>\n<\/div><\/figure>\n\n\n\n<p>CONSTRUIR PAZ<\/p>\n\n\n\n<p>En tanto, la codirectora de Consorcio Oaxaca, -organizaci\u00f3n co-convocante de \u201cMarabunta\u201d Cap\u00edtulo Oaxaca-, Y\u00e9sica S\u00e1nchez Maya, expuso que se trata de un esfuerzo colectivo impulsado en primer lugar por el Instituto Catal\u00e1n para la Paz (ICIP), con quien esta organizaci\u00f3n est\u00e1 trabajando a trav\u00e9s de una Plataforma Internacional para la Construcci\u00f3n de la Paz en M\u00e9xico.&nbsp;<\/p>\n\n\n\n<p>\u201cHay muchas maneras de construir la paz, pero la paz como la reconstrucci\u00f3n del tejido social, la b\u00fasqueda de personas desaparecidas, el evitar la represi\u00f3n y la criminalizaci\u00f3n y las violaciones de derechos humanos como una apuesta fundamental; Consorcio tiene esa apuesta como misi\u00f3n\u201d, recalc\u00f3.&nbsp;<\/p>\n\n\n\n<p>Y explic\u00f3 c\u00f3mo fue el proceso de capacitaci\u00f3n para la conformaci\u00f3n del Cap\u00edtulo Oaxaca; dijo que esto incluy\u00f3 un curso de formaci\u00f3n b\u00e1sica te\u00f3rica, entrenamientos y pr\u00e1ctica y trabajo de campo en las movilizaciones en Ciudad de M\u00e9xico.&nbsp;<\/p>\n\n\n\n<p>Destac\u00f3 asimismo que \u201cMarabunta\u201d, lejos de ver a las juventudes desde una visi\u00f3n adultoc\u00e9ntrica, se les mire como apuestas para la construcci\u00f3n de paz. &nbsp;<\/p>\n\n\n\n<p>Adem\u00e1s del ICIP y Consorcio Oaxaca, las&nbsp;organizaciones&nbsp;co-convocantes de la Brigada son: la&nbsp;Universidad Aut\u00f3noma \u201cBenito Ju\u00e1rez\u201d de Oaxaca (UABJO),&nbsp; Servicios y Asesor\u00eda para la Paz (Serapaz), Taula per&nbsp;M\u00e9xic&nbsp;y el&nbsp; Centro de Apoyo Al Movimiento Popular Oaxaque\u00f1o (CAMPO A. C).<\/p>\n\n\n\n<p>La actividad cont\u00f3 adem\u00e1s con la participaci\u00f3n de colectivas de madres buscadoras de personas desaparecidas, as\u00ed como de&nbsp;la&nbsp;representante &nbsp;de la Comisi\u00f3n Nacional de Derechos Humanos en Oaxaca,&nbsp;Carmen Tejeda&nbsp;y&nbsp;el&nbsp;delegado Federal &nbsp;Secretar\u00eda de Gobernaci\u00f3n,&nbsp;Jos\u00e9 Carlos Fuentes Ordaz,&nbsp;quienes saludaron y reconocieron la conformaci\u00f3n&nbsp;y presentaci\u00f3n de esta Brigada.<\/p>\n","protected":false},"excerpt":{"rendered":"<p>Redacci\u00f3n\/Zona Roja. Oaxaca de Ju\u00e1rez, Oax., a 25 de noviembre de 2022.- Este jueves, en&hellip;<\/p>\n","protected":false},"author":2,"featured_media":48476,"comment_status":"closed","ping_status":"open","sticky":false,"template":"","format":"standard","meta":{"_lmt_disableupdate":"","_lmt_disable":"","_jetpack_memberships_contains_paid_content":false,"footnotes":""},"categories":[109,46],"tags":[3328],"class_list":["post-48475","post","type-post","status-publish","format-standard","has-post-thumbnail","hentry","category-minuto-a-minuto","category-zona-blanca","tag-brigada-marabunta-oaxaca"],"jetpack_featured_media_url":"https:\/\/zonaroja.com.mx\/wp-content\/uploads\/2022\/11\/Brigada-de-paz-marabunta-4.jpeg","jetpack_sharing_enabled":true,"_links":{"self":[{"href":"https:\/\/zonaroja.com.mx\/index.php?rest_route=\/wp\/v2\/posts\/48475","targetHints":{"allow":["GET"]}}],"collection":[{"href":"https:\/\/zonaroja.com.mx\/index.php?rest_route=\/wp\/v2\/posts"}],"about":[{"href":"https:\/\/zonaroja.com.mx\/index.php?rest_route=\/wp\/v2\/types\/post"}],"author":[{"embeddable":true,"href":"https:\/\/zonaroja.com.mx\/index.php?rest_route=\/wp\/v2\/users\/2"}],"replies":[{"embeddable":true,"href":"https:\/\/zonaroja.com.mx\/index.php?rest_route=%2Fwp%2Fv2%2Fcomments&post=48475"}],"version-history":[{"count":1,"href":"https:\/\/zonaroja.com.mx\/index.php?rest_route=\/wp\/v2\/posts\/48475\/revisions"}],"predecessor-version":[{"id":48477,"href":"https:\/\/zonaroja.com.mx\/index.php?rest_route=\/wp\/v2\/posts\/48475\/revisions\/48477"}],"wp:featuredmedia":[{"embeddable":true,"href":"https:\/\/zonaroja.com.mx\/index.php?rest_route=\/wp\/v2\/media\/48476"}],"wp:attachment":[{"href":"https:\/\/zonaroja.com.mx\/index.php?rest_route=%2Fwp%2Fv2%2Fmedia&parent=48475"}],"wp:term":[{"taxonomy":"category","embeddable":true,"href":"https:\/\/zonaroja.com.mx\/index.php?rest_route=%2Fwp%2Fv2%2Fcategories&post=48475"},{"taxonomy":"post_tag","embeddable":true,"href":"https:\/\/zonaroja.com.mx\/index.php?rest_route=%2Fwp%2Fv2%2Ftags&post=48475"}],"curies":[{"name":"wp","href":"https:\/\/api.w.org\/{rel}","templated":true}]}}