{"id":48478,"date":"2022-11-25T10:15:00","date_gmt":"2022-11-25T16:15:00","guid":{"rendered":"http:\/\/www.zonaroja.com.mx\/?p=48478"},"modified":"2022-11-25T07:17:04","modified_gmt":"2022-11-25T13:17:04","slug":"solo-el-14-de-oaxaquenas-victimas-de-violencia-por-su-pareja-denuncian-endireh","status":"publish","type":"post","link":"https:\/\/zonaroja.com.mx\/?p=48478","title":{"rendered":"S\u00f3lo el 14% de oaxaque\u00f1as v\u00edctimas de violencia por su pareja denuncian: ENDIREH"},"content":{"rendered":"\n<p>Yuridiana Sosa\/Zona Roja.<\/p>\n\n\n\n<p>Oaxaca de Ju\u00e1rez, Oax., 25 de noviembre de 2022.- Por miedo a consecuencias o amenazas, y por minimizar el problema, apenas el 14.1 por ciento de las mujeres que sufren violencia de parte de su pareja interponen una denuncia o queja ante las autoridades correspondientes, revel\u00f3 la Encuesta Nacional sobre la Din\u00e1mica de las Relaciones en los Hogares (ENDIREH) 2021.<\/p>\n\n\n\n<p>Datos de la ENDIREH, a prop\u00f3sito del D\u00eda Internacional de la Eliminaci\u00f3n de la Violencia Contra las Mujeres, muestran que aunque las oaxaque\u00f1as denuncian las violencias en un promedio mayor a la media nacional, a\u00fan es bajo el nivel en comparaci\u00f3n a los hechos violentos contra las mujeres en la entidad.<\/p>\n\n\n\n<p>Por violencia escolar, apenas el 10 por ciento de las j\u00f3venes en Oaxaca interpone una denuncia oficial, \u00e1mbito que a nivel nacional es de 7.8 por ciento. Respecto a la que se genera en el \u00e1mbito laboral, el nivel de quejas en Oaxaca es menor a la media nacional, con 5.9 y 6.5, respectivamente.<\/p>\n\n\n\n<p>La violencia familiar es denunciada en un 8.4 por ciento de los casos en Oaxaca, lo cual se encuentra por arriba de la media nacional de 7.1, mientras que por violencia comunitaria, se presenta el porcentaje m\u00e1s bajo con 4.9 por ciento a nivel estatal, sobre el 4.3 por ciento en M\u00e9xico.<\/p>\n\n\n\n<p>NACIONAL<\/p>\n\n\n\n<p>La encuesta del Instituto Nacional de Estad\u00edstica y Geograf\u00eda detall\u00f3 las principales razones por las que no se denuncia la violencia en nuestro pa\u00eds.<\/p>\n\n\n\n<p>Por considerar que se trat\u00f3 de algo sin importancia o que no le afect\u00f3 se presenta en un 43.1 por ciento en el \u00e1mbito escolar; en laboral,31.6 por ciento; comunitario 42.4 por ciento; familiar 31.4 por ciento y relaci\u00f3n de pareja 27.7 por ciento.<\/p>\n\n\n\n<p>No saber c\u00f3mo y d\u00f3nde denunciar se destacaron en el \u00e1mbito escolar, en un 12.6 por ciento y comunitario en el 20.8 por ciento.<\/p>\n\n\n\n<p>As\u00ed como por miedo a las consecuencias o amenazas persisten en la violencia laboral en un 22.2 por ciento de casos; familiar 22.8 por ciento y relaci\u00f3n de pareja, 22.2 por ciento.<\/p>\n\n\n\n<p>De acuerdo con el Inegi, el porcentaje de mujeres que han contado a alguien las experiencias de violencia que han vivido a lo largo de su vida fue mayor en el \u00e1mbito comunitario, en un 68.3 por ciento, seguido del \u00e1mbito familiar en un 65.4 por ciento y labora, 65.1 por ciento. Aunque, una tercera parte de estas mujeres no hab\u00eda compartido con nadie esta vivencia hasta antes de responder la encuesta.<\/p>\n\n\n\n<p>De las v\u00edctimas de violencia f\u00edsica y\/ o sexual en el \u00e1mbito de pareja, el 13.1 por ciento present\u00f3 una queja o denuncia ante alguna autoridad.<\/p>\n\n\n\n<p>Las mujeres en localidades urbanas vivieron m\u00e1s violencia las mujeres que viven en localidades rurales, en un 45.3 y 34.7 por ciento, respectivamente.<\/p>\n\n\n\n<p>La violencia psicol\u00f3gica fue la de mayor prevalencia para las mujeres de las zonas urbanas en 30.6 por ciento contra 25.2 por ciento de las que viven en comunidades rurales; as\u00ed como que las mujeres en zonas urbanas experimentaron casi el doble de violencia sexual que las mujeres que residen en \u00e1reas rurales, con un 26.2 por ciento y 13.6 por ciento, respectivamente.<\/p>\n","protected":false},"excerpt":{"rendered":"<p>Yuridiana Sosa\/Zona Roja. Oaxaca de Ju\u00e1rez, Oax., 25 de noviembre de 2022.- Por miedo a&hellip;<\/p>\n","protected":false},"author":2,"featured_media":45075,"comment_status":"closed","ping_status":"open","sticky":false,"template":"","format":"standard","meta":{"_lmt_disableupdate":"","_lmt_disable":"","_jetpack_memberships_contains_paid_content":false,"footnotes":""},"categories":[109,47],"tags":[1559],"class_list":["post-48478","post","type-post","status-publish","format-standard","has-post-thumbnail","hentry","category-minuto-a-minuto","category-zona-gris","tag-violencia-mujeres-oaxaca"],"jetpack_featured_media_url":"https:\/\/zonaroja.com.mx\/wp-content\/uploads\/2022\/08\/No-mas-violencia-mujeres.jpg","jetpack_sharing_enabled":true,"_links":{"self":[{"href":"https:\/\/zonaroja.com.mx\/index.php?rest_route=\/wp\/v2\/posts\/48478","targetHints":{"allow":["GET"]}}],"collection":[{"href":"https:\/\/zonaroja.com.mx\/index.php?rest_route=\/wp\/v2\/posts"}],"about":[{"href":"https:\/\/zonaroja.com.mx\/index.php?rest_route=\/wp\/v2\/types\/post"}],"author":[{"embeddable":true,"href":"https:\/\/zonaroja.com.mx\/index.php?rest_route=\/wp\/v2\/users\/2"}],"replies":[{"embeddable":true,"href":"https:\/\/zonaroja.com.mx\/index.php?rest_route=%2Fwp%2Fv2%2Fcomments&post=48478"}],"version-history":[{"count":1,"href":"https:\/\/zonaroja.com.mx\/index.php?rest_route=\/wp\/v2\/posts\/48478\/revisions"}],"predecessor-version":[{"id":48479,"href":"https:\/\/zonaroja.com.mx\/index.php?rest_route=\/wp\/v2\/posts\/48478\/revisions\/48479"}],"wp:featuredmedia":[{"embeddable":true,"href":"https:\/\/zonaroja.com.mx\/index.php?rest_route=\/wp\/v2\/media\/45075"}],"wp:attachment":[{"href":"https:\/\/zonaroja.com.mx\/index.php?rest_route=%2Fwp%2Fv2%2Fmedia&parent=48478"}],"wp:term":[{"taxonomy":"category","embeddable":true,"href":"https:\/\/zonaroja.com.mx\/index.php?rest_route=%2Fwp%2Fv2%2Fcategories&post=48478"},{"taxonomy":"post_tag","embeddable":true,"href":"https:\/\/zonaroja.com.mx\/index.php?rest_route=%2Fwp%2Fv2%2Ftags&post=48478"}],"curies":[{"name":"wp","href":"https:\/\/api.w.org\/{rel}","templated":true}]}}