{"id":48487,"date":"2022-11-25T11:53:00","date_gmt":"2022-11-25T17:53:00","guid":{"rendered":"http:\/\/www.zonaroja.com.mx\/?p=48487"},"modified":"2022-11-25T08:01:00","modified_gmt":"2022-11-25T14:01:00","slug":"mueren-otras-dos-mujeres-por-meningitis-en-zacatecas-van-12-casos","status":"publish","type":"post","link":"https:\/\/zonaroja.com.mx\/?p=48487","title":{"rendered":"Mueren otras dos mujeres por meningitis en Durango; van 12 decesos"},"content":{"rendered":"\n<p>Redacci\u00f3n\/Zona Roja Cdmx.<\/p>\n\n\n\n<p>Ciudad de M\u00e9xico, a 25 de noviembre de 2022.- Dos mujeres que dieron a luz en meses recientes en cl\u00ednicas privadas de la capital del estado fallecieron el jueves por meningitis as\u00e9ptica, con lo que suman 12 muertes, inform\u00f3 la Secretar\u00eda de Salud de Durango (SSD); el n\u00famero de personas hospitalizadas por esta enfermedad aument\u00f3 a 62, precis\u00f3.<\/p>\n\n\n\n<p>Alma, de 31 a\u00f1os, muri\u00f3 v\u00edctima del padecimiento que mantiene en alerta a las autoridades sanitarias del estado, la Federaci\u00f3n e incluso a especialistas internacionales despu\u00e9s de que se detect\u00f3, en marzo pasado.<\/p>\n\n\n\n<p>La joven madre viv\u00eda en el municipio lagunero de G\u00f3mez Palacio, pero a causa de fuertes dolores de cabeza su familia la intern\u00f3 a principios de noviembre en la cl\u00ednica del Instituto Mexicano del Seguro Social (IMSS) de Torre\u00f3n, Coahuila, donde permaneci\u00f3 en terapia intensiva hasta ayer.<\/p>\n\n\n\n<p>Poco antes del mediod\u00eda, una mujer de 24 a\u00f1os no identificada muri\u00f3 en el hospital Santiago Ram\u00f3n y Cajal del Instituto de Seguridad y Servicios Sociales de los Trabajadores del Estado en la ciudad de Durango. Tambi\u00e9n dio a luz recientemente.<\/p>\n\n\n\n<p>En octubre pasado, la SSD recibi\u00f3 el reporte de neur\u00f3logos del Hospital General (HG) 450, quienes detectaron casos de mujeres menores de 40 a\u00f1os que fueron atendidas por parto en cl\u00ednicas privadas y posteriormente presentaron dolores de cabeza persistentes y cada vez m\u00e1s severos.<\/p>\n\n\n\n<p>Por ello, analizaron el l\u00edquido cefalorraqu\u00eddeo de las pacientes y encontraron que las cefaleas se deb\u00edan a un proceso inflamatorio en las meninges, que cubren el cerebro.<\/p>\n\n\n\n<p>Luis \u00c1ngel Ruano Calder\u00f3n, neur\u00f3logo del HG 450 y responsable de atender casos de meningitis, explic\u00f3 que a este proceso inflamatorio se le clasific\u00f3 como meningitis as\u00e9ptica porque no era producido por una bacteria, como suele ocurrir.<\/p>\n\n\n\n<p>Tras varias pruebas, detall\u00f3, se detect\u00f3 que el padecimiento lo produc\u00eda el hongo Fusarium solani, conocido en la agricultura porque ataca las plantas, y de alguna forma lleg\u00f3 al f\u00e1rmaco utilizado para anestesiar a personas que se sometieron a cirug\u00edas, adem\u00e1s de que prolifera en el sistema nervioso central y provoca procesos inflamatorios severos.<\/p>\n\n\n\n<p>Despu\u00e9s de identificar el hongo, dijo el neur\u00f3logo, se consult\u00f3 con expertos de Inglaterra, Brasil y Estados Unidos, as\u00ed como a los tres principales grupos de especialistas de M\u00e9xico.<\/p>\n\n\n\n<p>Todos enviaron informaci\u00f3n que permiti\u00f3 elegir un tratamiento para los enfermos, con base en dos medicamentos: el voriconazol y la anfotericina B, destac\u00f3 Ruano Calder\u00f3n.<\/p>\n\n\n\n<p>PENDIENTES RESULTADOS<\/p>\n\n\n\n<p>La Comisi\u00f3n Federal para la Protecci\u00f3n contra Riesgos Sanitarios (Cofepris) y su hom\u00f3loga del estado, la Coprised, junto con la Fiscal\u00eda General del Estado, clausuraron los nosocomios particulares donde se detectaron los casos de meningitis as\u00e9ptica.<\/p>\n\n\n\n<p>El 5 de noviembre suspendieron actividades en el Hospital del Parque debido a que ten\u00eda el mayor n\u00famero de personas afectadas luego de que se atendieron por cirug\u00edas obst\u00e9tricas.<\/p>\n\n\n\n<p>El mismo d\u00eda confiscaron bupivaca\u00edna, anestesia usada en las cl\u00ednicas privadas de Durango y considerada la causante del problema.<\/p>\n\n\n\n<p>Tambi\u00e9n se orden\u00f3 suspender todas las cirug\u00edas en los hospitales particulares; una semana despu\u00e9s concluyeron que los contagios s\u00f3lo se dieron en cuatro.<\/p>\n\n\n\n<p>El 17 de noviembre clausuraron los nosocomios Sant\u00e9, San Carlos y Dikcava por los casos registrados y denuncias de mujeres que presentaban meningitis.<\/p>\n\n\n\n<p>Las autoridades a\u00fan esperan los resultados del Laboratorio de Referencia de la Cofepris y de la Comisi\u00f3n de Control Anal\u00edtico y Ampliaci\u00f3n de Cobertura para determinar la causa por la que el hongo ingres\u00f3 al cerebro de los pacientes a trav\u00e9s de la anestesia.<\/p>\n\n\n\n<p>A partir del primero de noviembre, cuando se inform\u00f3 p\u00fablicamente del problema, falleci\u00f3 Armina Mon\u00e1rrez, de 31 a\u00f1os. Resid\u00eda en el municipio serrano de Tepehuanes. A partir de esa fecha se suscitaron otras muertes por meningitis as\u00e9ptica, todas de mujeres menores de 40 a\u00f1os (la m\u00e1s joven ten\u00eda 20 a\u00f1os), quienes parieron en hospitales privados.<\/p>\n\n\n\n<p>El \u00fanico hombre que ha muerto por el mismo mal, el 23 de noviembre, fue Arturo, de 47 a\u00f1os, a quien hicieron una cirug\u00eda de tibia y peron\u00e9 el pasado 22 de septiembre.<\/p>\n\n\n\n<p>(Informaci\u00f3n de \u201cLa Jornada\u201d)<\/p>\n","protected":false},"excerpt":{"rendered":"<p>Redacci\u00f3n\/Zona Roja Cdmx. Ciudad de M\u00e9xico, a 25 de noviembre de 2022.- Dos mujeres que&hellip;<\/p>\n","protected":false},"author":2,"featured_media":48488,"comment_status":"closed","ping_status":"open","sticky":false,"template":"","format":"standard","meta":{"_lmt_disableupdate":"","_lmt_disable":"","_jetpack_memberships_contains_paid_content":false,"footnotes":""},"categories":[109,47],"tags":[],"class_list":["post-48487","post","type-post","status-publish","format-standard","has-post-thumbnail","hentry","category-minuto-a-minuto","category-zona-gris"],"jetpack_featured_media_url":"https:\/\/zonaroja.com.mx\/wp-content\/uploads\/2022\/11\/Muertes-meningitis.png","jetpack_sharing_enabled":true,"_links":{"self":[{"href":"https:\/\/zonaroja.com.mx\/index.php?rest_route=\/wp\/v2\/posts\/48487","targetHints":{"allow":["GET"]}}],"collection":[{"href":"https:\/\/zonaroja.com.mx\/index.php?rest_route=\/wp\/v2\/posts"}],"about":[{"href":"https:\/\/zonaroja.com.mx\/index.php?rest_route=\/wp\/v2\/types\/post"}],"author":[{"embeddable":true,"href":"https:\/\/zonaroja.com.mx\/index.php?rest_route=\/wp\/v2\/users\/2"}],"replies":[{"embeddable":true,"href":"https:\/\/zonaroja.com.mx\/index.php?rest_route=%2Fwp%2Fv2%2Fcomments&post=48487"}],"version-history":[{"count":2,"href":"https:\/\/zonaroja.com.mx\/index.php?rest_route=\/wp\/v2\/posts\/48487\/revisions"}],"predecessor-version":[{"id":48490,"href":"https:\/\/zonaroja.com.mx\/index.php?rest_route=\/wp\/v2\/posts\/48487\/revisions\/48490"}],"wp:featuredmedia":[{"embeddable":true,"href":"https:\/\/zonaroja.com.mx\/index.php?rest_route=\/wp\/v2\/media\/48488"}],"wp:attachment":[{"href":"https:\/\/zonaroja.com.mx\/index.php?rest_route=%2Fwp%2Fv2%2Fmedia&parent=48487"}],"wp:term":[{"taxonomy":"category","embeddable":true,"href":"https:\/\/zonaroja.com.mx\/index.php?rest_route=%2Fwp%2Fv2%2Fcategories&post=48487"},{"taxonomy":"post_tag","embeddable":true,"href":"https:\/\/zonaroja.com.mx\/index.php?rest_route=%2Fwp%2Fv2%2Ftags&post=48487"}],"curies":[{"name":"wp","href":"https:\/\/api.w.org\/{rel}","templated":true}]}}