{"id":4849,"date":"2019-10-15T15:53:10","date_gmt":"2019-10-15T20:53:10","guid":{"rendered":"http:\/\/www.zonaroja.com.mx\/?p=4849"},"modified":"2019-10-15T15:53:13","modified_gmt":"2019-10-15T20:53:13","slug":"activistas-exigen-castigo-a-quien-maltrato-a-animal-en-la-villa-de-etla","status":"publish","type":"post","link":"https:\/\/zonaroja.com.mx\/?p=4849","title":{"rendered":"Activistas exigen castigo a quien maltrato a animal en la Villa de Etla"},"content":{"rendered":"\n<p>Evlin Arag\u00f3n\/Zona Roja.<\/p>\n\n\n\n<p>Oaxaca de Ju\u00e0rez, Oax., 15 de octubre\nde 2019.- Integrantes de grupos de protecci\u00f3n animal denunciaron un caso m\u00e1s de\nmaltrato animal registrado en la Villa de Etla, donde un carnicero mato a\nsangre fr\u00eda a una perrita que por instinto robo un pedazo de carne al interior\ndel mercado.<\/p>\n\n\n\n<p>De acuerdo con Hilda Toledo Salinas,\npresidenta de la asociaci\u00f3n Auxilio al Perro Amigo Oaxaca (ApaOax), el hecho\nfue protagonizado presuntamente por Miguel Angel Ferret, en las inmediaciones\nde la carnicer\u00eda #19 al interior del mercado municipal, quien de forma cruel y\ncon cuchillo en mano se va en contra del animal.<\/p>\n\n\n\n<p>\u201cEste hecho es monstruoso, deber\u00eda de\ndarnos verg\u00fcenza que sucedan este tipo de agresiones hacia los animales que son\nseres vivos; este se\u00f1or ha sido acusado en varias ocasiones de agresividad en\ncontra de los animales, los patea, los maltrata, y nadie hace nada\u201d, dijo.<\/p>\n\n\n\n<p>De acuerdo con el video difundido a\ntrav\u00e9s de las redes sociales, el hombre se lanza en contra de la indefensa\nperrita y la empieza a acuchillar en varias ocasiones, a la par que grita\n\u00abperra maldita que bueno que ya te mat\u00e9\u00bb, mientras se r\u00ede al ver que\nel animal ya hab\u00eda muerto.<\/p>\n\n\n\n<p>Toledo Salinas lament\u00f3 los hechos y\nresponsabiliz\u00f3 a las autoridades municipales y estatales de la desidia por\natender el problema de salud p\u00fablica que representa la sobrepoblaci\u00f3n de\nanimales en situaci\u00f3n de calle, y asegur\u00f3 que aunque las organizaciones llevan\na cabo campa\u00f1as de esterilizaci\u00f3n \u2013como el m\u00e9todo m\u00e1s \u00e9tico para atender la\nproblem\u00e1tica- no se dan abasto para<\/p>\n\n\n\n<p>En este sentido y como parte de su\nmovilizaci\u00f3n de la noche de este lunes, las animalistas hicieron presencia a\nlas afueras de Palacio de Gobierno y exigieron al fiscal Rub\u00e9n Vasconcelos\nM\u00e9ndez que intervenga y castigue de forma ejemplar al carnicero asesino a fin\nde sentar precedentes para que los actos crueles no se sigan cometiendo.<\/p>\n\n\n\n<p>Mientras que al gobernador Alejandro\nMurat Hinojosa le demandaron acciones concretas a favor de los animales y de\ncar\u00e1cter urgente para atender la problem\u00e1tica de sobrepoblaci\u00f3n en las calles,\nla cual aseguran requiere m\u00e1s de voluntad pol\u00edtica que de recurso econ\u00f3mico.<\/p>\n\n\n\n<p>Hilda Toledo lament\u00f3 que contin\u00faen los\nenvenenamientos de animales como ha ocurrido en Ocotl\u00e1n de Morelos, Villa de\nMitla, en el Fraccionamiento \u00c1lamos perteneciente a la ciudad de Oaxaca, con lo\ncual no se soluciona nada, solo agravan la situaci\u00f3n.<\/p>\n\n\n\n<p>\u201cEs lamentable que se vivan como actos\ncomunes los envenenamientos, que adem\u00e1s no s\u00f3lo mata a los perros de la calle,\nmata animales carro\u00f1eros, contamina los mantos fri\u00e1ticos y el aire al\nevaporarse, nadie mira eso y contin\u00faan haci\u00e9ndolo en perjuicio de toda la\ncomunidad \u201c<\/p>\n\n\n\n<p>A la par que reclam\u00f3 que iniciativas de\nley al interior del Congreso local, vuelvan a retomar la idea de implementar\nperrera para matar \u201chumanitariamente\u201d a los animales en situaci\u00f3n de calle,\ncomo la propuesta por la diputada In\u00e9s Leal Pel\u00e1ez, la cual calific\u00f3 de\n\u201cfatal\u201d.<\/p>\n","protected":false},"excerpt":{"rendered":"<p>Evlin Arag\u00f3n\/Zona Roja. Oaxaca de Ju\u00e0rez, Oax., 15 de octubre de 2019.- Integrantes de grupos&hellip;<\/p>\n","protected":false},"author":2,"featured_media":4850,"comment_status":"closed","ping_status":"open","sticky":false,"template":"","format":"standard","meta":{"_lmt_disableupdate":"","_lmt_disable":"","_jetpack_memberships_contains_paid_content":false,"footnotes":""},"categories":[109,47],"tags":[869],"class_list":["post-4849","post","type-post","status-publish","format-standard","has-post-thumbnail","hentry","category-minuto-a-minuto","category-zona-gris","tag-maltrato-animal-oaxaca"],"jetpack_featured_media_url":"https:\/\/zonaroja.com.mx\/wp-content\/uploads\/2019\/10\/IMG_8142.jpg","jetpack_sharing_enabled":true,"_links":{"self":[{"href":"https:\/\/zonaroja.com.mx\/index.php?rest_route=\/wp\/v2\/posts\/4849","targetHints":{"allow":["GET"]}}],"collection":[{"href":"https:\/\/zonaroja.com.mx\/index.php?rest_route=\/wp\/v2\/posts"}],"about":[{"href":"https:\/\/zonaroja.com.mx\/index.php?rest_route=\/wp\/v2\/types\/post"}],"author":[{"embeddable":true,"href":"https:\/\/zonaroja.com.mx\/index.php?rest_route=\/wp\/v2\/users\/2"}],"replies":[{"embeddable":true,"href":"https:\/\/zonaroja.com.mx\/index.php?rest_route=%2Fwp%2Fv2%2Fcomments&post=4849"}],"version-history":[{"count":1,"href":"https:\/\/zonaroja.com.mx\/index.php?rest_route=\/wp\/v2\/posts\/4849\/revisions"}],"predecessor-version":[{"id":4851,"href":"https:\/\/zonaroja.com.mx\/index.php?rest_route=\/wp\/v2\/posts\/4849\/revisions\/4851"}],"wp:featuredmedia":[{"embeddable":true,"href":"https:\/\/zonaroja.com.mx\/index.php?rest_route=\/wp\/v2\/media\/4850"}],"wp:attachment":[{"href":"https:\/\/zonaroja.com.mx\/index.php?rest_route=%2Fwp%2Fv2%2Fmedia&parent=4849"}],"wp:term":[{"taxonomy":"category","embeddable":true,"href":"https:\/\/zonaroja.com.mx\/index.php?rest_route=%2Fwp%2Fv2%2Fcategories&post=4849"},{"taxonomy":"post_tag","embeddable":true,"href":"https:\/\/zonaroja.com.mx\/index.php?rest_route=%2Fwp%2Fv2%2Ftags&post=4849"}],"curies":[{"name":"wp","href":"https:\/\/api.w.org\/{rel}","templated":true}]}}