{"id":48491,"date":"2022-11-25T08:27:26","date_gmt":"2022-11-25T14:27:26","guid":{"rendered":"http:\/\/www.zonaroja.com.mx\/?p=48491"},"modified":"2022-11-25T08:27:27","modified_gmt":"2022-11-25T14:27:27","slug":"rechaza-cabildo-prohibir-que-se-fume-mariguana-en-parques-publicos","status":"publish","type":"post","link":"https:\/\/zonaroja.com.mx\/?p=48491","title":{"rendered":"Rechaza Cabildo prohibir que se fume mariguana en parques p\u00fablicos"},"content":{"rendered":"\n<p>Ismael Garc\u00eda M.\/Zona Roja.<\/p>\n\n\n\n<p>Oaxaca de Ju\u00e1rez, Oax., a 25 de noviembre de 2022.- Por mayor\u00eda de votos, el Cabildo de Oaxaca de Ju\u00e1rez rechaz\u00f3 aprobar un dictamen por el cual se prohibir\u00eda fumar mariguana en parques y jardines p\u00fablicos del municipio.<\/p>\n\n\n\n<p>Durante la sesi\u00f3n ordinaria de ayer jueves, de manera contradictoria varios concejales de Morena, entre ellos P\u00e1vel Renato G\u00f3mez, expusieron que est\u00e1n de acuerdo en ello pero no avalaron el dictamen, presentado por la panista Mirna L\u00f3pez Torres.<\/p>\n\n\n\n<p>Durante este a\u00f1o, han sido varias las denuncias de familias que acuden a los parques p\u00fablicos de la capital a pasear, entre ellos \u201cEl Llano\u201d, pero se han topado con grupos de j\u00f3venes que consumen mariguana a la luz del d\u00eda y a la vista de todos.<\/p>\n\n\n\n<p>Incluso, los consumidores agrupados en el colectivo \u201c420\u201d han convocado a marchas, a fumar de manera p\u00fablica, como lo han hecho en la Plaza de la Danza, y hasta sembraron algunas matas en \u201cEl Llano\u201d.&nbsp;<\/p>\n\n\n\n<p>Seg\u00fan ley\u00f3 ayer la regidora Mirna L\u00f3pez, la propuesta, presentada desde el pasado 5 de abril, planteaba que se prohibiera el consumo de la mariguana en sitios p\u00fablicos, como parques y jardines.<\/p>\n\n\n\n<p>Adem\u00e1s, la no criminalizaci\u00f3n de personas consumidoras del enervante y el respeto a sus garant\u00edas individuales.<\/p>\n\n\n\n<p>Dijo que se escuch\u00f3 y consult\u00f3 a todos los sectores sociales, adem\u00e1s del Centro de Integraci\u00f3n Juvenil (CIJ).<\/p>\n\n\n\n<p>Tras una amplia discusi\u00f3n, con la oposici\u00f3n de varios concejales morenistas, la mayor\u00eda rechaz\u00f3 aprobar el dictamen, por lo cual las personas consumidoras seguir\u00e1n utilizando los parques p\u00fablicos para fumar mariguana.<\/p>\n\n\n\n<p>En entrevista posterior, el presidente municipal de Oaxaca de Ju\u00e1rez, Francisco Mart\u00ednez Neri, quien vot\u00f3 en contra de la propuesta, dijo que coincide en que hay que proteger a las personas, en especial a los adultos y a los ni\u00f1os.<\/p>\n\n\n\n<p>\u201cPero tenemos que hacerlo de manera integral, es decir, no podemos emitir acuerdos que al rato no tengan car\u00e1cter coercitivo, necesitamos dictar normas que tengan ese car\u00e1cter y en su momento las personas que desobedezcan sean objeto de una sanci\u00f3n.<\/p>\n\n\n\n<p>\u201cEn eso gir\u00f3 la tem\u00e1tica que se analiz\u00f3, tenemos que analizar, revisar un conjunto de normas que tengan toda la caracter\u00edstica de una norma para que sea eficaz, de otra manera no funciona\u201d.<\/p>\n\n\n\n<figure class=\"wp-block-embed is-type-rich is-provider-twitter wp-block-embed-twitter\"><div class=\"wp-block-embed__wrapper\">\n<div class=\"twitter-tweet\"><blockquote class=\"twitter-tweet\" data-lang=\"es\"><p lang=\"es\" dir=\"ltr\"><a href=\"https:\/\/twitter.com\/hashtag\/%C3%9AltimoMinuto?src=hash&amp;ref_src=twsrc%5Etfw\">#\u00daltimoMinuto<\/a> <br>Por mayor\u00eda de votos, el pleno del Cabildo del <a href=\"https:\/\/twitter.com\/MunicipioOaxaca?ref_src=twsrc%5Etfw\">@MunicipioOaxaca<\/a> rechaz\u00f3 avalar la prohibici\u00f3n de fumar mariguana en parques y jardines de la ciudad de Oaxaca. <br>\ud83d\ude14 <a href=\"https:\/\/t.co\/NkBJInJR4y\">pic.twitter.com\/NkBJInJR4y<\/a><\/p>&mdash; Zona Roja Oaxaca (@ZonaRoja_Oaxaca) <a href=\"https:\/\/twitter.com\/ZonaRoja_Oaxaca\/status\/1595888109157515265?ref_src=twsrc%5Etfw\">24 de noviembre de 2022<\/a><\/blockquote><\/div>\n<\/div><\/figure>\n","protected":false},"excerpt":{"rendered":"<p>Ismael Garc\u00eda M.\/Zona Roja. Oaxaca de Ju\u00e1rez, Oax., a 25 de noviembre de 2022.- Por&hellip;<\/p>\n","protected":false},"author":2,"featured_media":48492,"comment_status":"closed","ping_status":"open","sticky":false,"template":"","format":"standard","meta":{"_lmt_disableupdate":"","_lmt_disable":"","_jetpack_memberships_contains_paid_content":false,"footnotes":""},"categories":[109,47],"tags":[2418],"class_list":["post-48491","post","type-post","status-publish","format-standard","has-post-thumbnail","hentry","category-minuto-a-minuto","category-zona-gris","tag-francisco-martinez-neri"],"jetpack_featured_media_url":"https:\/\/zonaroja.com.mx\/wp-content\/uploads\/2022\/11\/Sesion-Cabildo-Oaxaca-de-juarez.jpg","jetpack_sharing_enabled":true,"_links":{"self":[{"href":"https:\/\/zonaroja.com.mx\/index.php?rest_route=\/wp\/v2\/posts\/48491","targetHints":{"allow":["GET"]}}],"collection":[{"href":"https:\/\/zonaroja.com.mx\/index.php?rest_route=\/wp\/v2\/posts"}],"about":[{"href":"https:\/\/zonaroja.com.mx\/index.php?rest_route=\/wp\/v2\/types\/post"}],"author":[{"embeddable":true,"href":"https:\/\/zonaroja.com.mx\/index.php?rest_route=\/wp\/v2\/users\/2"}],"replies":[{"embeddable":true,"href":"https:\/\/zonaroja.com.mx\/index.php?rest_route=%2Fwp%2Fv2%2Fcomments&post=48491"}],"version-history":[{"count":1,"href":"https:\/\/zonaroja.com.mx\/index.php?rest_route=\/wp\/v2\/posts\/48491\/revisions"}],"predecessor-version":[{"id":48493,"href":"https:\/\/zonaroja.com.mx\/index.php?rest_route=\/wp\/v2\/posts\/48491\/revisions\/48493"}],"wp:featuredmedia":[{"embeddable":true,"href":"https:\/\/zonaroja.com.mx\/index.php?rest_route=\/wp\/v2\/media\/48492"}],"wp:attachment":[{"href":"https:\/\/zonaroja.com.mx\/index.php?rest_route=%2Fwp%2Fv2%2Fmedia&parent=48491"}],"wp:term":[{"taxonomy":"category","embeddable":true,"href":"https:\/\/zonaroja.com.mx\/index.php?rest_route=%2Fwp%2Fv2%2Fcategories&post=48491"},{"taxonomy":"post_tag","embeddable":true,"href":"https:\/\/zonaroja.com.mx\/index.php?rest_route=%2Fwp%2Fv2%2Ftags&post=48491"}],"curies":[{"name":"wp","href":"https:\/\/api.w.org\/{rel}","templated":true}]}}