{"id":48494,"date":"2022-11-25T15:52:50","date_gmt":"2022-11-25T21:52:50","guid":{"rendered":"http:\/\/www.zonaroja.com.mx\/?p=48494"},"modified":"2022-11-25T15:52:52","modified_gmt":"2022-11-25T21:52:52","slug":"ante-715-feminicidios-con-murat-exigen-a-jara-cruz-justicia-o-no-habra-primavera-oaxaquena","status":"publish","type":"post","link":"https:\/\/zonaroja.com.mx\/?p=48494","title":{"rendered":"Ante 715 feminicidios con Murat, exigen a Jara Cruz justicia o no habr\u00e1 \u201cprimavera oaxaque\u00f1a\u201d"},"content":{"rendered":"\n<p>Yuridiana Sosa\/Zona Roja.<\/p>\n\n\n\n<p>Oaxaca de Ju\u00e1rez, Oax., 25 de noviembre de 2022.- Tras un sexenio denominado por los colectivos feministas como \u201cde impunidad\u201d, las oaxaque\u00f1as exigieron al gobernador electo Salom\u00f3n Jara aplicar a partir del 1 de diciembre un apol\u00edtica de combate a la violencia contra las mujeres.<\/p>\n\n\n\n<p>Tras una marcha por el D\u00eda Internacional para la Eliminaci\u00f3n de la Violencia contra la Mujer, que se realiz\u00f3 de la explanada del templo de Santo Domingo de Guzm\u00e1n a la Alameda de Le\u00f3n en la capital del estado, las familias de las v\u00edctimas de feminicidios y desaparecidas condenaron la injusticia en persistente en los seis a\u00f1os de gobierno de Alejandro Murat.<\/p>\n\n\n\n<p>Ante los 715 feminicidios hasta este d\u00eda y dos mil desaparecidas que deja el actual sexenio, los colectivos feministas y familiares sentenciaron que \u201csi no hay justicia, no habr\u00e1 primavera oaxaque\u00f1a\u201d.<\/p>\n\n\n\n<p>Por ello alertaron al gobierno entrante de Jara Cruz, emanado de Morena, que \u201cya estamos hartas de simulaci\u00f3n, que se regalen los cargos a amigos, o por acuerdos de campa\u00f1a.&nbsp;<\/p>\n\n\n\n<p>\u201cEs urgente que su gabinete est\u00e9 a la altura de la gravedad y su discurso se vea reflejado en la asignaci\u00f3n de presupuesto y en las pol\u00edticas p\u00fablicas para asumir con responsabilidad la violencia de g\u00e9nero\u201d.<\/p>\n\n\n\n<p>Entre los casos m\u00e1s representativos de la impunidad en un feminicidio en Oaxaca se encuentra el de la fotoperiodista Mar\u00eda del sol Cruz Jarqu\u00edn, por el que su madre, la activista y periodista Soledad Jarqu\u00edn exigi\u00f3 justicia a Jara Cruz.<\/p>\n\n\n\n<figure class=\"wp-block-embed is-type-rich is-provider-twitter wp-block-embed-twitter\"><div class=\"wp-block-embed__wrapper\">\n<div class=\"twitter-tweet\"><blockquote class=\"twitter-tweet\" data-lang=\"es\"><p lang=\"es\" dir=\"ltr\"><a href=\"https:\/\/twitter.com\/hashtag\/ENVIVO?src=hash&amp;ref_src=twsrc%5Etfw\">#ENVIVO<\/a><br>Oaxaca de Ju\u00e1rez, Oax., a 25 de noviembre de 2022. En el marco del D\u00eda Internacional para la Eliminaci\u00f3n de la Violencia contra la Mujer, colectivos feministas marchan en el centro de la ciudad capital.<br>Transmisi\u00f3n <br>\ud83d\udc47<a href=\"https:\/\/t.co\/4PESvzznfV\">https:\/\/t.co\/4PESvzznfV<\/a> <a href=\"https:\/\/t.co\/npFAdsrSkK\">pic.twitter.com\/npFAdsrSkK<\/a><\/p>&mdash; Zona Roja Oaxaca (@ZonaRoja_Oaxaca) <a href=\"https:\/\/twitter.com\/ZonaRoja_Oaxaca\/status\/1596191113140146179?ref_src=twsrc%5Etfw\">25 de noviembre de 2022<\/a><\/blockquote><\/div>\n<\/div><\/figure>\n\n\n\n<p>\u201cSi quiere darnos justicia, que meta a la c\u00e1rcel al ex fiscal de Oaxaca (Rub\u00e9n Vasconcelos). Nos rob\u00f3 nos rob\u00f3 la justicia para el caso de Mar\u00eda del Sol. Tiene que cumplir con la ley en Oaxaca y eso implica que una mujer no quede sin acceso a la justicia, que nunca m\u00e1s una familia se quede rota para siempre\u201d, conden\u00f3 entre el llanto y rabia Jarqu\u00edn Edgar.<\/p>\n\n\n\n<p>Durante el pronunciamiento se record\u00f3 que \u201cen Oaxaca estamos a cinco d\u00edas que se termine el sexenio de la simulaci\u00f3n, corrupci\u00f3n, complicidad con feminicidas\u201d, y agregaron que de nada sirvi\u00f3 la Alerta de Violencia de G\u00e9nero que emiti\u00f3 el gobierno federal el 30 de agosto de 2018 para la entidad, si tras \u00e9sta se cometieron cerca de 500 asesinatos de mujeres y m\u00e1s de mil 670 desapariciones.<\/p>\n\n\n\n<p>El panorama desalentador motiv\u00f3 a las mujeres a emprender la \u201cjornada de indignaci\u00f3n\u201d en el marco de este 25 de noviembre y previo al cierre del sexenio estatal, el cual fue de luto para las mujeres.<\/p>\n\n\n\n<p>\u201cNo hay nada que celebrar en Oaxaca, inunda el dolor y el duelo\u201d, destacaron; en contraste, Murat Hinojosa se realiz\u00f3 un homenaje en el Centro Cultural y de Convenciones, en Santa Luc\u00eda del Camino, para celebrar su gobierno, tal como lo propuso el presidente de M\u00e9xico, Andr\u00e9s Manuel L\u00f3pez Obrador.<\/p>\n\n\n\n<p>Como parte de la actividad, algunas de las activistas se acostaron sobre la plaza de la Alameda de Le\u00f3n en representaci\u00f3n a los asesinatos, casi diarios, de las mujeres en nuestra entidad. Tambi\u00e9n nombraron a algunas de las v\u00edctimas de feminicidio acompa\u00f1ado del grito de justicia.\u00a0<\/p>\n\n\n\n<figure class=\"wp-block-embed is-type-rich is-provider-twitter wp-block-embed-twitter\"><div class=\"wp-block-embed__wrapper\">\n<div class=\"twitter-tweet\"><blockquote class=\"twitter-tweet\" data-lang=\"es\"><p lang=\"es\" dir=\"ltr\"><a href=\"https:\/\/twitter.com\/hashtag\/%C3%9AltimoMinuto?src=hash&amp;ref_src=twsrc%5Etfw\">#\u00daltimoMinuto<\/a><br>En Alameda concluye la marcha de colectivos feministas por el <a href=\"https:\/\/twitter.com\/hashtag\/25N?src=hash&amp;ref_src=twsrc%5Etfw\">#25N<\/a>.<br>\u201cOaxaca feminicida, sexenio de la impunidad\u201d, gritan. <br>Critican resultados de <a href=\"https:\/\/twitter.com\/alejandromurat?ref_src=twsrc%5Etfw\">@alejandromurat<\/a>.<br>Exigen al pr\u00f3ximo gobierno de <a href=\"https:\/\/twitter.com\/salomonj?ref_src=twsrc%5Etfw\">@salomonj<\/a> d\u00e9 alta prioridad al combate a la violencia contra las mujeres. <a href=\"https:\/\/t.co\/KcahnQqlUi\">pic.twitter.com\/KcahnQqlUi<\/a><\/p>&mdash; Zona Roja Oaxaca (@ZonaRoja_Oaxaca) <a href=\"https:\/\/twitter.com\/ZonaRoja_Oaxaca\/status\/1596208162855882752?ref_src=twsrc%5Etfw\">25 de noviembre de 2022<\/a><\/blockquote><\/div>\n<\/div><\/figure>\n","protected":false},"excerpt":{"rendered":"<p>Yuridiana Sosa\/Zona Roja. Oaxaca de Ju\u00e1rez, Oax., 25 de noviembre de 2022.- Tras un sexenio&hellip;<\/p>\n","protected":false},"author":2,"featured_media":48496,"comment_status":"closed","ping_status":"open","sticky":false,"template":"","format":"standard","meta":{"_lmt_disableupdate":"","_lmt_disable":"","_jetpack_memberships_contains_paid_content":false,"footnotes":""},"categories":[109,47],"tags":[610],"class_list":["post-48494","post","type-post","status-publish","format-standard","has-post-thumbnail","hentry","category-minuto-a-minuto","category-zona-gris","tag-feminicidios-oaxaca"],"jetpack_featured_media_url":"https:\/\/zonaroja.com.mx\/wp-content\/uploads\/2022\/11\/Sexenio-de-la-impunidad-feminicidios-Oaxaca.jpg","jetpack_sharing_enabled":true,"_links":{"self":[{"href":"https:\/\/zonaroja.com.mx\/index.php?rest_route=\/wp\/v2\/posts\/48494","targetHints":{"allow":["GET"]}}],"collection":[{"href":"https:\/\/zonaroja.com.mx\/index.php?rest_route=\/wp\/v2\/posts"}],"about":[{"href":"https:\/\/zonaroja.com.mx\/index.php?rest_route=\/wp\/v2\/types\/post"}],"author":[{"embeddable":true,"href":"https:\/\/zonaroja.com.mx\/index.php?rest_route=\/wp\/v2\/users\/2"}],"replies":[{"embeddable":true,"href":"https:\/\/zonaroja.com.mx\/index.php?rest_route=%2Fwp%2Fv2%2Fcomments&post=48494"}],"version-history":[{"count":1,"href":"https:\/\/zonaroja.com.mx\/index.php?rest_route=\/wp\/v2\/posts\/48494\/revisions"}],"predecessor-version":[{"id":48497,"href":"https:\/\/zonaroja.com.mx\/index.php?rest_route=\/wp\/v2\/posts\/48494\/revisions\/48497"}],"wp:featuredmedia":[{"embeddable":true,"href":"https:\/\/zonaroja.com.mx\/index.php?rest_route=\/wp\/v2\/media\/48496"}],"wp:attachment":[{"href":"https:\/\/zonaroja.com.mx\/index.php?rest_route=%2Fwp%2Fv2%2Fmedia&parent=48494"}],"wp:term":[{"taxonomy":"category","embeddable":true,"href":"https:\/\/zonaroja.com.mx\/index.php?rest_route=%2Fwp%2Fv2%2Fcategories&post=48494"},{"taxonomy":"post_tag","embeddable":true,"href":"https:\/\/zonaroja.com.mx\/index.php?rest_route=%2Fwp%2Fv2%2Ftags&post=48494"}],"curies":[{"name":"wp","href":"https:\/\/api.w.org\/{rel}","templated":true}]}}