{"id":48498,"date":"2022-11-25T15:56:23","date_gmt":"2022-11-25T21:56:23","guid":{"rendered":"http:\/\/www.zonaroja.com.mx\/?p=48498"},"modified":"2022-11-25T15:56:25","modified_gmt":"2022-11-25T21:56:25","slug":"jara-no-representa-certeza-de-justicia-en-caso-claudia-uruchurtu-defiende-a-detenidos","status":"publish","type":"post","link":"https:\/\/zonaroja.com.mx\/?p=48498","title":{"rendered":"Jara no representa certeza de justicia en caso Claudia Uruchurtu; defiende a detenidos"},"content":{"rendered":"\n<p>Yuridiana Sosa\/Zona Roja<\/p>\n\n\n\n<p>Oaxaca de Ju\u00e1rez, Oax., 25 de noviembre de 2022.- \u201cSe ha dicho exactamente c\u00f3mo se llev\u00f3 a cabo el crimen contra mi hermana, qui\u00e9n lo orden\u00f3 \u00bfqu\u00e9 m\u00e1s necesitan?\u201d, asever\u00f3 Elizabeth Uruchurtu Cruz ante el acrecentado temor de la liberaci\u00f3n de los detenidos de la desaparici\u00f3n forzada de Claudia Uruchurtu, por la llegada de Salom\u00f3n Jara Cruz al gobierno de Oaxaca.<\/p>\n\n\n\n<p>La hermana de la v\u00edctima se\u00f1al\u00f3 que no existe garant\u00eda de justicia con la llegada del morenista a la gubernatura, por el contrario, su afinidad pol\u00edtica a Morena con la ex edil de Asunci\u00f3n Nochixtl\u00e1n, Lizbeth V. H., detenida por su presunta responsabilidad, pone en riesgo el proceso judicial en curso.<\/p>\n\n\n\n<p>\u201cEl riesgo es ahora, porque ahorita es cuando se debe dictar sentencia\u201d, apunt\u00f3 Elizabeth Uruchurtu, quien detall\u00f3 que durante el juicio y el cual es privado, se han presentado un n\u00famero importante de testigos y un c\u00famulo de evidencias que son viables a la sentencia condenatoria de los implicados.<\/p>\n\n\n\n<p>\u201c\u00bfCon qu\u00e9 excusa podr\u00e1 salir para no proporcionarnos la justicia?\u201d, enfatiz\u00f3 la mujer, quien llam\u00f3 a la sociedad a mantenerse espectadores del caso, con el cual, adem\u00e1s, el Tribunal Superior de Justicia de Oaxaca podr\u00eda hacer historia, pues actualmente es el \u00fanico caso en M\u00e9xico en el que se han detenido a servidores p\u00fablicos en funciones por la desaparici\u00f3n forzada de una persona.<\/p>\n\n\n\n<p>Durante la entrevista colectiva, previo a la marcha por el \u201cD\u00eda Internacional para la Eliminaci\u00f3n de la Violencia contra la Mujer\u201d, Uruchurtu Cruz apunt\u00f3 que en Oaxaca existe una amplia red de complicidad sistem\u00e1tica para perpetuar la impunidad.<\/p>\n\n\n\n<p>\u201cNo tengo confianza (con la llegada de Jara Cruz), s\u00f3lo quiero que se hagan valer esos principios de terminar con la corrupci\u00f3n y haya justicia\u201d, subray\u00f3, pero la familia espera que el TSJO haga su trabajo.<\/p>\n\n\n\n<p>Durante la marcha participaron organismos civiles y familiares de v\u00edctimas de feminicidios y desapariciones de mujeres.<\/p>\n\n\n\n<p>ESTADO DE DESASTRE<\/p>\n\n\n\n<p>La periodista y activista Soledad Jarqu\u00edn Edgar, madre de Mar\u00eda del Sol v\u00edctima de feminicidio, conden\u00f3 la indolencia del gobierno del estado frente a la violencia contra las mujeres durante todo el sexenio, lo cual permiti\u00f3 llegar a 715 feminicidios y m\u00e1s de dos mil desapariciones.<\/p>\n\n\n\n<p>Por eso, dijo, que en caso que Alejandro Murat se postulara como candidato a la presidencia de M\u00e9xico, la ciudadan\u00eda debe voltear a Oaxaca para ver el estado que dej\u00f3 en el tema de justicia.<\/p>\n\n\n\n<p>Ante la llegada de un nuevo gobierno estatal, la madre sentenci\u00f3 que \u201cno es borr\u00f3n y cuenta nueva, lo que dejan tambi\u00e9n es responsabilidad de Salm\u00f3n (Jara)\u201d.<\/p>\n\n\n\n<p>Pues, de no aplicarse justicia, de haber complicidad, Oaxaca estar\u00eda viviendo su peor momento.<\/p>\n\n\n\n<p>En tanto, el gobernador Alejandro Murat celebr\u00f3 este d\u00eda su sexenio con un autohomenaje en el Centro Cultural y de Convenciones de Oaxaca, mismo que en septiembre propuso el presidente Andr\u00e9s Manuel L\u00f3pez Obrador realizar, aunque no lleg\u00f3.&nbsp;<\/p>\n","protected":false},"excerpt":{"rendered":"<p>Yuridiana Sosa\/Zona Roja Oaxaca de Ju\u00e1rez, Oax., 25 de noviembre de 2022.- \u201cSe ha dicho&hellip;<\/p>\n","protected":false},"author":2,"featured_media":48495,"comment_status":"closed","ping_status":"open","sticky":false,"template":"","format":"standard","meta":{"_lmt_disableupdate":"","_lmt_disable":"","_jetpack_memberships_contains_paid_content":false,"footnotes":""},"categories":[109,47],"tags":[2582],"class_list":["post-48498","post","type-post","status-publish","format-standard","has-post-thumbnail","hentry","category-minuto-a-minuto","category-zona-gris","tag-claudia-uruchurtu-cruz"],"jetpack_featured_media_url":"https:\/\/zonaroja.com.mx\/wp-content\/uploads\/2022\/11\/Familiares-Claudia-Uruchurtu-caso-Nochixtlan.jpg","jetpack_sharing_enabled":true,"_links":{"self":[{"href":"https:\/\/zonaroja.com.mx\/index.php?rest_route=\/wp\/v2\/posts\/48498","targetHints":{"allow":["GET"]}}],"collection":[{"href":"https:\/\/zonaroja.com.mx\/index.php?rest_route=\/wp\/v2\/posts"}],"about":[{"href":"https:\/\/zonaroja.com.mx\/index.php?rest_route=\/wp\/v2\/types\/post"}],"author":[{"embeddable":true,"href":"https:\/\/zonaroja.com.mx\/index.php?rest_route=\/wp\/v2\/users\/2"}],"replies":[{"embeddable":true,"href":"https:\/\/zonaroja.com.mx\/index.php?rest_route=%2Fwp%2Fv2%2Fcomments&post=48498"}],"version-history":[{"count":1,"href":"https:\/\/zonaroja.com.mx\/index.php?rest_route=\/wp\/v2\/posts\/48498\/revisions"}],"predecessor-version":[{"id":48499,"href":"https:\/\/zonaroja.com.mx\/index.php?rest_route=\/wp\/v2\/posts\/48498\/revisions\/48499"}],"wp:featuredmedia":[{"embeddable":true,"href":"https:\/\/zonaroja.com.mx\/index.php?rest_route=\/wp\/v2\/media\/48495"}],"wp:attachment":[{"href":"https:\/\/zonaroja.com.mx\/index.php?rest_route=%2Fwp%2Fv2%2Fmedia&parent=48498"}],"wp:term":[{"taxonomy":"category","embeddable":true,"href":"https:\/\/zonaroja.com.mx\/index.php?rest_route=%2Fwp%2Fv2%2Fcategories&post=48498"},{"taxonomy":"post_tag","embeddable":true,"href":"https:\/\/zonaroja.com.mx\/index.php?rest_route=%2Fwp%2Fv2%2Ftags&post=48498"}],"curies":[{"name":"wp","href":"https:\/\/api.w.org\/{rel}","templated":true}]}}