{"id":48505,"date":"2022-11-25T20:18:46","date_gmt":"2022-11-26T02:18:46","guid":{"rendered":"http:\/\/www.zonaroja.com.mx\/?p=48505"},"modified":"2022-11-25T21:13:56","modified_gmt":"2022-11-26T03:13:56","slug":"recupera-fiscalia-a-menor-sustraida-en-juchitan-hace-mas-de-un-mes","status":"publish","type":"post","link":"https:\/\/zonaroja.com.mx\/?p=48505","title":{"rendered":"Recupera Fiscal\u00eda a menor sustra\u00edda en Juchit\u00e1n hace m\u00e1s de un mes"},"content":{"rendered":"\n<p>Ismael Garc\u00eda M.\/Zona Roja.<\/p>\n\n\n\n<p>Oaxaca de Ju\u00e1rez, Oax., a 25 de noviembre de 2022.- Elementos de la Agencia Estatal de Investigaciones, dependiente de la Fiscal\u00eda General del Estado, localizaron hoy en Salina Cruz a una menor de edad sustra\u00edda hace m\u00e1s de un mes de su hogar, en Juchit\u00e1n de Zaragoza.<\/p>\n\n\n\n<p>De acuerdo con los primeros informes, durante indagatorias y al transitar por la calle Libertad del Barrio Nuevo de Salina Cruz, identificaron a una mujer de nombre Ana Paola L. L., de 22 a\u00f1os de edad, con una beb\u00e9 en brazos, de aproximadamente 10 meses de edad.<\/p>\n\n\n\n<p>Al acercarse identificaron que es la menor de aproximadamente 10 meses de edad que fue sustra\u00edda el pasado 20 de octubre de este a\u00f1o en Juchit\u00e1n de Zaragoza, presuntamente por la mujer que lo cuidaba.<\/p>\n\n\n\n<p>Rosy O., quien se llev\u00f3 a la menor \u2014y que ya fue detenida\u2014, supuestamente hab\u00eda pedido el permiso de sus patrones para llevarla a su comunidad en la regi\u00f3n de la Costa, pero seg\u00fan dijo la dej\u00f3 en un hotel en Salina Cruz.<\/p>\n\n\n\n<p>Luego de diversas indagatorias, tras emitirse la Alerta \u00c1mber para la b\u00fasqueda urgente, la menor de edad fue localizada y la mujer que la llevaba fue puesta a disposici\u00f3n del Ministerio P\u00fablico, para las labores conducentes.<\/p>\n","protected":false},"excerpt":{"rendered":"<p>Ismael Garc\u00eda M.\/Zona Roja. Oaxaca de Ju\u00e1rez, Oax., a 25 de noviembre de 2022.- Elementos&hellip;<\/p>\n","protected":false},"author":2,"featured_media":48506,"comment_status":"closed","ping_status":"open","sticky":false,"template":"","format":"standard","meta":{"_lmt_disableupdate":"","_lmt_disable":"","_jetpack_memberships_contains_paid_content":false,"footnotes":""},"categories":[109,46],"tags":[494],"class_list":["post-48505","post","type-post","status-publish","format-standard","has-post-thumbnail","hentry","category-minuto-a-minuto","category-zona-blanca","tag-fiscalia-general-del-estado-de-oaxaca"],"jetpack_featured_media_url":"https:\/\/zonaroja.com.mx\/wp-content\/uploads\/2022\/11\/Hallan-a-menor-secuestrada-en-Juchitan.jpg","jetpack_sharing_enabled":true,"_links":{"self":[{"href":"https:\/\/zonaroja.com.mx\/index.php?rest_route=\/wp\/v2\/posts\/48505","targetHints":{"allow":["GET"]}}],"collection":[{"href":"https:\/\/zonaroja.com.mx\/index.php?rest_route=\/wp\/v2\/posts"}],"about":[{"href":"https:\/\/zonaroja.com.mx\/index.php?rest_route=\/wp\/v2\/types\/post"}],"author":[{"embeddable":true,"href":"https:\/\/zonaroja.com.mx\/index.php?rest_route=\/wp\/v2\/users\/2"}],"replies":[{"embeddable":true,"href":"https:\/\/zonaroja.com.mx\/index.php?rest_route=%2Fwp%2Fv2%2Fcomments&post=48505"}],"version-history":[{"count":3,"href":"https:\/\/zonaroja.com.mx\/index.php?rest_route=\/wp\/v2\/posts\/48505\/revisions"}],"predecessor-version":[{"id":48511,"href":"https:\/\/zonaroja.com.mx\/index.php?rest_route=\/wp\/v2\/posts\/48505\/revisions\/48511"}],"wp:featuredmedia":[{"embeddable":true,"href":"https:\/\/zonaroja.com.mx\/index.php?rest_route=\/wp\/v2\/media\/48506"}],"wp:attachment":[{"href":"https:\/\/zonaroja.com.mx\/index.php?rest_route=%2Fwp%2Fv2%2Fmedia&parent=48505"}],"wp:term":[{"taxonomy":"category","embeddable":true,"href":"https:\/\/zonaroja.com.mx\/index.php?rest_route=%2Fwp%2Fv2%2Fcategories&post=48505"},{"taxonomy":"post_tag","embeddable":true,"href":"https:\/\/zonaroja.com.mx\/index.php?rest_route=%2Fwp%2Fv2%2Ftags&post=48505"}],"curies":[{"name":"wp","href":"https:\/\/api.w.org\/{rel}","templated":true}]}}