{"id":4852,"date":"2019-10-15T18:09:15","date_gmt":"2019-10-15T23:09:15","guid":{"rendered":"http:\/\/www.zonaroja.com.mx\/?p=4852"},"modified":"2019-10-15T18:09:21","modified_gmt":"2019-10-15T23:09:21","slug":"gobierno-de-la-4t-amnistia-a-activista-acusado-de-homicidio-en-eloxochitlan","status":"publish","type":"post","link":"https:\/\/zonaroja.com.mx\/?p=4852","title":{"rendered":"Gobierno de la 4T amnist\u00eda a activista acusado de homicidio en Eloxochitl\u00e1n"},"content":{"rendered":"\n<p>Evlin Arag\u00f3n\/Zona Roja.<\/p>\n\n\n\n<p>Oaxaca de Ju\u00e1rez, Oax., 15 de octubre\nde 2019.- La madrugada de este martes fue liberado Miguel \u00c1ngel Peralta, tras\ncuatro a\u00f1os de estar privado de su libertad acusado del delito de homicidio y\ntentativa de homicidio, en el marco de la disputa por el poder que mantienen\ndos grupos en el municipio de Eloxochitl\u00e1n de Flores Mag\u00f3n.<\/p>\n\n\n\n<p>As\u00ed lo informaron activistas y\norganizaciones que desde hace unos meses tomaron la defensa del joven de 34\na\u00f1os de edad, que fue el \u00fanico sentenciado a 50 a\u00f1os de prisi\u00f3n por los hechos\nviolentos registrados en el municipio en el 2014, quienes refirieron que se\ntrataba de un preso pol\u00edtico y cuyo caso estuvo plagado de irregularidades y\nviolaci\u00f3n a sus derechos humanos.<\/p>\n\n\n\n<p>\u201cQueremos compartirles con infinita\nalegr\u00eda, que nuestro compa\u00f1ero Miguel \u00c1ngel Peralta, est\u00e1 LIBRE. En la\nmadrugada de hoy, martes, se logr\u00f3 su liberaci\u00f3n gracias a la solidaridad, al\napoyo de todxs aquellxs que hicieron suya esta lucha por la libertad y la\njusticia, en M\u00e9xico y el mundo\u201d, refirieron los colectivos en defensa del joven\na trav\u00e9s de sus redes sociales.<\/p>\n\n\n\n<p>En este mismo sentido, evidenciaron su\npreocupaci\u00f3n por la seguridad del activista, la cual aseguran est\u00e1 en riesgo,\ndebido a los antecedentes de la familia Zepeda que conforma el grupo opositor a\nla Asamblea Comunitaria, a cuyos integrantes acusan de caciques en la zona.<\/p>\n\n\n\n<p>Responsabilizaron a dicha familia de\ncualquier da\u00f1o que sufra Miguel \u00c1ngel Peralta, en caso de que este decida\nregresar a su lugar de origen en donde se mantiene la pugna por el poder,\ndebido a que aseguran que fue la presi\u00f3n que ejerci\u00f3 la que ocasion\u00f3 que la\nprivaci\u00f3n de su libertad durante cuatro a\u00f1os y la sentencia que afortunadamente\nse ech\u00f3 abajo con la revisi\u00f3n del caso promovida.<\/p>\n\n\n\n<p>AMNISTIADO<\/p>\n\n\n\n<p>&nbsp;\u201cA\npesar de la buena noticia a\u00fan existe riesgo a su seguridad, existen\nantecedentes del actuar de la familia caciquil Zepeda que lo ponen en riesgo.\nPor lo que pedimos estar al tanto de su seguridad y responsabilizamos a la\ndiputada Elisa Zepeda de cualquier da\u00f1o a nuestrxs compa\u00f1erxs\u201d, refiere el comunicado.<\/p>\n\n\n\n<p>Fue gracias a la ley de amnist\u00eda\nimpulsada por el Presidente Andr\u00e9s Manuel L\u00f3pez Obrador que la defensa del\njoven, antrop\u00f3logo de profesi\u00f3n, solicit\u00f3 la revisi\u00f3n del caso por parte del\njuez Modesto Isa\u00edas Santiago Mart\u00ednez, la cual se concret\u00f3 luego de la presi\u00f3n\nsocial de grupos de activistas, as\u00ed como lo huelga de hambre que encabez\u00f3 el\ninculpado durante m\u00e1s de 15 d\u00edas.<\/p>\n\n\n\n<p>ES PRIISTA<\/p>\n\n\n\n<p>Miguel \u00c1ngel Peral, quien hab\u00eda sido\nsentenciado por el asesinato de Gustavo Estrada y Manuel Zepeda en diciembre\ndel 2014 en Eloxochitl\u00e1n de Flores Mag\u00f3n fue liberado por el juez mixto de la\nprimera instancia de Huautla de Jim\u00e9nez,&nbsp;\nModesto Isa\u00edas Santiago.<\/p>\n\n\n\n<p>De acuerdo con la agencia Noticia\nOaxaque\u00f1a, el inculpado fue uno de los operadores pol\u00edticos que durante el\nconflicto del 2006 llev\u00f3 a Ulises Ruiz Ortiz a Eloxochitl\u00e1n de Flores Mag\u00f3n y\nest\u00e1 relacionado con el grupo pol\u00edtico que en las pasadas elecciones pretendi\u00f3\notorgar la diputaci\u00f3n local a Liz Concha, candidata&nbsp; del PRI por el distrito 04.<\/p>\n\n\n\n<p>En diciembre del 2014, Miguel \u00c1ngel\nPeralta, junto a otros sujetos participaron en los actos violentos registrados\nen Eloxochitl\u00e1n de Flores Mag\u00f3n para desestabilizar la elecci\u00f3n de alcalde\nmunicipal.<\/p>\n\n\n\n<p>En los actos violentos fueron agredidas\nElisa Zepeda Lagunas, hoy diputada por Morena, junto a su madre y resultaron\nasesinados Gustavo Estrada y Manuel Zepeda.<\/p>\n\n\n\n<p>Por estos cr\u00edmenes Miguel \u00c1ngel Peralta\npermanec\u00eda en prisi\u00f3n hasta la madrugada de este martes 15 de octubre. La\nliberaci\u00f3n del procesado tiene como objetivo reconfigurar el capital pol\u00edtico\ndel PRI en la mazateca para recuperar el poder sobre los recursos municipales y\nla tierra de los campesinos, refirieron.<\/p>\n","protected":false},"excerpt":{"rendered":"<p>Evlin Arag\u00f3n\/Zona Roja. Oaxaca de Ju\u00e1rez, Oax., 15 de octubre de 2019.- La madrugada de&hellip;<\/p>\n","protected":false},"author":2,"featured_media":4853,"comment_status":"closed","ping_status":"open","sticky":false,"template":"","format":"standard","meta":{"_lmt_disableupdate":"","_lmt_disable":"","_jetpack_memberships_contains_paid_content":false,"footnotes":""},"categories":[109,47],"tags":[719,862],"class_list":["post-4852","post","type-post","status-publish","format-standard","has-post-thumbnail","hentry","category-minuto-a-minuto","category-zona-gris","tag-eloxochitlan-de-flores-magon","tag-miguel-angel-peralta"],"jetpack_featured_media_url":"https:\/\/zonaroja.com.mx\/wp-content\/uploads\/2019\/10\/Miguel-\u00e1ngel-Peralta.jpg","jetpack_sharing_enabled":true,"_links":{"self":[{"href":"https:\/\/zonaroja.com.mx\/index.php?rest_route=\/wp\/v2\/posts\/4852","targetHints":{"allow":["GET"]}}],"collection":[{"href":"https:\/\/zonaroja.com.mx\/index.php?rest_route=\/wp\/v2\/posts"}],"about":[{"href":"https:\/\/zonaroja.com.mx\/index.php?rest_route=\/wp\/v2\/types\/post"}],"author":[{"embeddable":true,"href":"https:\/\/zonaroja.com.mx\/index.php?rest_route=\/wp\/v2\/users\/2"}],"replies":[{"embeddable":true,"href":"https:\/\/zonaroja.com.mx\/index.php?rest_route=%2Fwp%2Fv2%2Fcomments&post=4852"}],"version-history":[{"count":1,"href":"https:\/\/zonaroja.com.mx\/index.php?rest_route=\/wp\/v2\/posts\/4852\/revisions"}],"predecessor-version":[{"id":4854,"href":"https:\/\/zonaroja.com.mx\/index.php?rest_route=\/wp\/v2\/posts\/4852\/revisions\/4854"}],"wp:featuredmedia":[{"embeddable":true,"href":"https:\/\/zonaroja.com.mx\/index.php?rest_route=\/wp\/v2\/media\/4853"}],"wp:attachment":[{"href":"https:\/\/zonaroja.com.mx\/index.php?rest_route=%2Fwp%2Fv2%2Fmedia&parent=4852"}],"wp:term":[{"taxonomy":"category","embeddable":true,"href":"https:\/\/zonaroja.com.mx\/index.php?rest_route=%2Fwp%2Fv2%2Fcategories&post=4852"},{"taxonomy":"post_tag","embeddable":true,"href":"https:\/\/zonaroja.com.mx\/index.php?rest_route=%2Fwp%2Fv2%2Ftags&post=4852"}],"curies":[{"name":"wp","href":"https:\/\/api.w.org\/{rel}","templated":true}]}}