{"id":48520,"date":"2022-11-26T06:58:00","date_gmt":"2022-11-26T12:58:00","guid":{"rendered":"http:\/\/www.zonaroja.com.mx\/?p=48520"},"modified":"2022-11-26T06:58:50","modified_gmt":"2022-11-26T12:58:50","slug":"mejora-pjeo-instalaciones-del-cendi-para-hijas-e-hijos-de-trabajadores","status":"publish","type":"post","link":"https:\/\/zonaroja.com.mx\/?p=48520","title":{"rendered":"Mejora Poder Judicial instalaciones del Cendi para hijos de trabajadores"},"content":{"rendered":"\n<p>Redacci\u00f3n\/Zona Roja.<\/p>\n\n\n\n<p>Oaxaca de Ju\u00e1rez, Oax., a 26 de noviembre de 2022.- El titular del Poder Judicial del Estado, magistrado Eduardo Pinacho S\u00e1nchez, inaugur\u00f3 las nuevas instalaciones del Centro de Desarrollo Infantil (Cendi), \u201cMargarita Mag\u00f3n de Flores\u201d, donde reiter\u00f3 el compromiso de la instituci\u00f3n con la perspectiva de g\u00e9nero, los derechos humanos, pero fundamentalmente con la protecci\u00f3n de las y los infantes.<\/p>\n\n\n\n<p>Acompa\u00f1ado de magistradas, magistrados, consejera y consejeros de la Judicatura, as\u00ed como de la directora del plantel, Lemanet D\u00edaz Garc\u00eda, recorri\u00f3 las nuevas instalaciones ubicadas en la colonia Reforma y que cuentan con dos salas de maternal y tres de preescolar, adem\u00e1s de \u00e1reas adecuadas para los servicios de pedagog\u00eda, nutrici\u00f3n, psicolog\u00eda, \u00e1rea m\u00e9dica y ludoteca.<\/p>\n\n\n\n<p>El magistrado Pinacho S\u00e1nchez, se\u00f1al\u00f3 que mejorar la infraestructura del Poder Judicial del Estado es uno de los ejes principales de su administraci\u00f3n y en este tema hay resultados importantes. En el caso del Cendi, indic\u00f3 que es vital para la tranquilidad de las madres y padres de familia que ah\u00ed env\u00edan a sus hijos para ser cuidados.<\/p>\n\n\n\n<p>El Centro de Desarrollo Infantil (Cendi), \u201cMargarita Mag\u00f3n de Flores\u201d,&nbsp;opera desde hace m\u00e1s de 30 a\u00f1os y se encontraba en el Centro Hist\u00f3rico de la ciudad de Oaxaca; actualmente&nbsp;cuenta&nbsp;con una matr\u00edcula de nueve alumnas y alumnos&nbsp;en las \u00e1reas de maternal y 41 en las \u00e1reas de preescolar.&nbsp;<\/p>\n\n\n\n<p>Adem\u00e1s&nbsp;de este plantel,&nbsp;la instituci\u00f3n&nbsp;cuenta con un&nbsp;segundo Centro de Desarrollo Infantil, que lleva por nombre \u201cMargarita Maza de Ju\u00e1rez\u201d y&nbsp;se ubica&nbsp;en Ciudad Judicial.<\/p>\n","protected":false},"excerpt":{"rendered":"<p>Redacci\u00f3n\/Zona Roja. Oaxaca de Ju\u00e1rez, Oax., a 26 de noviembre de 2022.- El titular del&hellip;<\/p>\n","protected":false},"author":2,"featured_media":48524,"comment_status":"closed","ping_status":"open","sticky":false,"template":"","format":"standard","meta":{"_lmt_disableupdate":"","_lmt_disable":"","_jetpack_memberships_contains_paid_content":false,"footnotes":""},"categories":[109,46],"tags":[223],"class_list":["post-48520","post","type-post","status-publish","format-standard","has-post-thumbnail","hentry","category-minuto-a-minuto","category-zona-blanca","tag-poder-judicial-de-oaxaca"],"jetpack_featured_media_url":"https:\/\/zonaroja.com.mx\/wp-content\/uploads\/2022\/11\/El-plantel-fue-reubicado-a-nuevas-instalaciones-en-la-colonia-Reforma.jpg","jetpack_sharing_enabled":true,"_links":{"self":[{"href":"https:\/\/zonaroja.com.mx\/index.php?rest_route=\/wp\/v2\/posts\/48520","targetHints":{"allow":["GET"]}}],"collection":[{"href":"https:\/\/zonaroja.com.mx\/index.php?rest_route=\/wp\/v2\/posts"}],"about":[{"href":"https:\/\/zonaroja.com.mx\/index.php?rest_route=\/wp\/v2\/types\/post"}],"author":[{"embeddable":true,"href":"https:\/\/zonaroja.com.mx\/index.php?rest_route=\/wp\/v2\/users\/2"}],"replies":[{"embeddable":true,"href":"https:\/\/zonaroja.com.mx\/index.php?rest_route=%2Fwp%2Fv2%2Fcomments&post=48520"}],"version-history":[{"count":2,"href":"https:\/\/zonaroja.com.mx\/index.php?rest_route=\/wp\/v2\/posts\/48520\/revisions"}],"predecessor-version":[{"id":48526,"href":"https:\/\/zonaroja.com.mx\/index.php?rest_route=\/wp\/v2\/posts\/48520\/revisions\/48526"}],"wp:featuredmedia":[{"embeddable":true,"href":"https:\/\/zonaroja.com.mx\/index.php?rest_route=\/wp\/v2\/media\/48524"}],"wp:attachment":[{"href":"https:\/\/zonaroja.com.mx\/index.php?rest_route=%2Fwp%2Fv2%2Fmedia&parent=48520"}],"wp:term":[{"taxonomy":"category","embeddable":true,"href":"https:\/\/zonaroja.com.mx\/index.php?rest_route=%2Fwp%2Fv2%2Fcategories&post=48520"},{"taxonomy":"post_tag","embeddable":true,"href":"https:\/\/zonaroja.com.mx\/index.php?rest_route=%2Fwp%2Fv2%2Ftags&post=48520"}],"curies":[{"name":"wp","href":"https:\/\/api.w.org\/{rel}","templated":true}]}}