{"id":48538,"date":"2022-11-26T08:13:41","date_gmt":"2022-11-26T14:13:41","guid":{"rendered":"http:\/\/www.zonaroja.com.mx\/?p=48538"},"modified":"2022-11-26T08:13:43","modified_gmt":"2022-11-26T14:13:43","slug":"a-cuatro-dias-de-cambio-de-gobierno-siguen-bloqueos","status":"publish","type":"post","link":"https:\/\/zonaroja.com.mx\/?p=48538","title":{"rendered":"A cuatro d\u00edas de cambio de gobierno, siguen bloqueos"},"content":{"rendered":"\n<p>Redacci\u00f3n\/Zona Roja.<\/p>\n\n\n\n<p>Oaxaca de Ju\u00e1rez, Oax., a 26 de noviembre de 2022.- A cuatro d\u00edas del cambio en la titularidad del Poder Ejecutivo, en Oaxaca contin\u00faan los bloqueos de vialidades y las protestas.<\/p>\n\n\n\n<p>Por segundo d\u00eda, habitantes del municipio de Santiago Yaitepec bloquean el acceso a Santa Catarina Juquila, a fin de exigir elecci\u00f3n de sus autoridades y que personas ajenas no se inmiscuyan en sus asuntos.<\/p>\n\n\n\n<p>\u201cHoy el pueblo se levant\u00f3 contra las pr\u00e1cticas ma\u00f1osas del actual presidente municipal, Roberto Salinas Santiago, que busca imponer a sus allegados c\u00f3mo autoridad municipal para seguir interviniendo en las decisiones del pueblo.<\/p>\n\n\n\n<p>\u00abQueremos elecci\u00f3n, no imposici\u00f3n\u00bb se\u00f1alaron los pobladores supuesta referencia a Amador Jara Cruz, hermano del gobernador electo Salom\u00f3n Jara, a quien le exigen que saque las manos de su proceso electoral.<\/p>\n\n\n\n<p>Refirieron que no pretenden afectar a Juquila, santuario de la virgen del mismo nombre y donde en estas fechas llegan cientos de peregrinos, por lo cual dan paso cada dos horas a los visitantes.<\/p>\n\n\n\n<p>Expusieron que est\u00e1n dispuestos a acudir a una mesa de di\u00e1logo con el Gobierno del Estado y con el Instituto Estatal Electoral y de Participaci\u00f3n Ciudadana (IEEPCO), a fin de dirimir sus temas.<\/p>\n\n\n\n<p>Denunciaron que el edil de Yaitepec, Roberto Salinas Santiago \u201ctiene historial negro ya que hace tres a\u00f1os cuando ocupo el cargo hubo dos asesinatos cuando asumi\u00f3 el poder.<\/p>\n\n\n\n<p>\u201cAdem\u00e1s, en d\u00edas pasado fue actor intelectual junto con el s\u00edndico municipal Adri\u00e1n Cruz Vasquez por la muerte de un ciudadano de Santiago Yaitepec dentro de la c\u00e1rcel municipal\u201d.<\/p>\n\n\n\n<p>Por otra parte, en la ciudad de Oaxaca y por tercer d\u00eda, profesores adheridos a la Secci\u00f3n 22 del SNTE mantienen desde hace tres d\u00edas un bloqueo en la zona oriente de la capital.<\/p>\n\n\n\n<p>Es en la calzada Madero y en la calle Divisi\u00f3n Oriente donde se concentran, en el marco de su precongreso para elegir al nuevo Comit\u00e9 Ejecutivo Seccional, que ser\u00eda este d\u00eda.<\/p>\n","protected":false},"excerpt":{"rendered":"<p>Redacci\u00f3n\/Zona Roja. Oaxaca de Ju\u00e1rez, Oax., a 26 de noviembre de 2022.- A cuatro d\u00edas&hellip;<\/p>\n","protected":false},"author":2,"featured_media":48539,"comment_status":"closed","ping_status":"open","sticky":false,"template":"","format":"standard","meta":{"_lmt_disableupdate":"","_lmt_disable":"","_jetpack_memberships_contains_paid_content":false,"footnotes":""},"categories":[109,47],"tags":[546],"class_list":["post-48538","post","type-post","status-publish","format-standard","has-post-thumbnail","hentry","category-minuto-a-minuto","category-zona-gris","tag-santiago-yaitepec"],"jetpack_featured_media_url":"https:\/\/zonaroja.com.mx\/wp-content\/uploads\/2022\/11\/Bloqueo-Santiago-Yaitepec.jpeg","jetpack_sharing_enabled":true,"_links":{"self":[{"href":"https:\/\/zonaroja.com.mx\/index.php?rest_route=\/wp\/v2\/posts\/48538","targetHints":{"allow":["GET"]}}],"collection":[{"href":"https:\/\/zonaroja.com.mx\/index.php?rest_route=\/wp\/v2\/posts"}],"about":[{"href":"https:\/\/zonaroja.com.mx\/index.php?rest_route=\/wp\/v2\/types\/post"}],"author":[{"embeddable":true,"href":"https:\/\/zonaroja.com.mx\/index.php?rest_route=\/wp\/v2\/users\/2"}],"replies":[{"embeddable":true,"href":"https:\/\/zonaroja.com.mx\/index.php?rest_route=%2Fwp%2Fv2%2Fcomments&post=48538"}],"version-history":[{"count":1,"href":"https:\/\/zonaroja.com.mx\/index.php?rest_route=\/wp\/v2\/posts\/48538\/revisions"}],"predecessor-version":[{"id":48540,"href":"https:\/\/zonaroja.com.mx\/index.php?rest_route=\/wp\/v2\/posts\/48538\/revisions\/48540"}],"wp:featuredmedia":[{"embeddable":true,"href":"https:\/\/zonaroja.com.mx\/index.php?rest_route=\/wp\/v2\/media\/48539"}],"wp:attachment":[{"href":"https:\/\/zonaroja.com.mx\/index.php?rest_route=%2Fwp%2Fv2%2Fmedia&parent=48538"}],"wp:term":[{"taxonomy":"category","embeddable":true,"href":"https:\/\/zonaroja.com.mx\/index.php?rest_route=%2Fwp%2Fv2%2Fcategories&post=48538"},{"taxonomy":"post_tag","embeddable":true,"href":"https:\/\/zonaroja.com.mx\/index.php?rest_route=%2Fwp%2Fv2%2Ftags&post=48538"}],"curies":[{"name":"wp","href":"https:\/\/api.w.org\/{rel}","templated":true}]}}