{"id":48541,"date":"2022-11-26T15:22:58","date_gmt":"2022-11-26T21:22:58","guid":{"rendered":"http:\/\/www.zonaroja.com.mx\/?p=48541"},"modified":"2022-11-26T15:22:59","modified_gmt":"2022-11-26T21:22:59","slug":"grave-inseguridad-en-oaxaca-capital-ejecutan-a-dos-mujeres-y-a-lider-de-transportistas","status":"publish","type":"post","link":"https:\/\/zonaroja.com.mx\/?p=48541","title":{"rendered":"Grave inseguridad en Oaxaca capital: ejecutan a dos mujeres y a l\u00edder de transportistas"},"content":{"rendered":"\n<p>Ismael Garc\u00eda M.\/Zona Roja.<\/p>\n\n\n\n<p>Oaxaca de Ju\u00e1rez, Oax., a 26 de noviembre de 2022.- A cuatro d\u00edas de la transici\u00f3n de gobierno, dos mujeres y un dirigente de transportistas fueron ejecutadas en la ciudad de Oaxaca.<\/p>\n\n\n\n<p>Los hechos ocurrieron este s\u00e1bado, en el mismo momento en que los gobernadores actual, Alejandro Murat Hinojosa, y electo, Salom\u00f3n Jara Cruz, se reun\u00edan en la ciudad de M\u00e9xico con el secretario de Gobernaci\u00f3n, Ad\u00e1n Augusto L\u00f3pez.<\/p>\n\n\n\n<p>Alrededor del mediod\u00eda, mientras el dirigente zonal del sindicato Confederaci\u00f3n Joven, \u00c9rick F. J. R., alias \u00abEl Chivo\u00bb, junto con su pareja de nombre \u00abConchis\u00bb, com\u00edan en un puesto en la explanada municipal de San Juan Chapultepec, arribaron al menos dos sujetos a bordo de una motocicleta y les dispararon, tras lo cual huyeron.<\/p>\n\n\n\n<p>En el sitio perdieron la vida el dirigente de transportistas, su pareja y la mujer vendedora de alimentos; adem\u00e1s, result\u00f3 lesionada otra persona, de nombre Mois\u00e9s E. V., quien fue trasladado a un hospital de la ciudad.<\/p>\n\n\n\n<p>Param\u00e9dicos de la Cruz Roja Mexicana arribaron al lugar para atender a los agredidos, quienes confirmaron el deceso de tres personas, dos de ellas mujeres.<\/p>\n\n\n\n<p>Momentos antes, \u00c9rick F. J. R., peg\u00f3 calcas a unidades de la Confederaci\u00f3n Joven, conocida tambi\u00e9n como CATEM Joven, en inmediaciones del centro comercial Plaza Bella, en la colindancia de la ciudad de Oaxaca con Santa Mar\u00eda Atzompa, y donde particip\u00f3 el integrante del Partido Morena, No\u00e9 Jara Cruz, hermano del gobernador electo, Salom\u00f3n Jara.<\/p>\n\n\n\n<p>Presuntamente se trata de un ajuste de cuentas con los hermanos Luis Villaseca con el dirigente de Confederaci\u00f3n Joven, conocido tambi\u00e9n como CATEM Joven, en la zona de Xoxocotl\u00e1n, pues ayer habr\u00edan tenido una ri\u00f1a en Xoxocotl\u00e1n, por la titularidad de una obra; \u00e9sta y otras l\u00edneas de investigaci\u00f3n inici\u00f3 la Fiscal\u00eda General del Estado de Oaxaca.<\/p>\n\n\n\n<figure class=\"wp-block-embed is-type-rich is-provider-twitter wp-block-embed-twitter\"><div class=\"wp-block-embed__wrapper\">\n<div class=\"twitter-tweet\"><blockquote class=\"twitter-tweet\" data-lang=\"es\"><p lang=\"es\" dir=\"ltr\"><a href=\"https:\/\/twitter.com\/hashtag\/%C3%9AltimoMinuto?src=hash&amp;ref_src=twsrc%5Etfw\">#\u00daltimoMinuto<\/a> <br>Son tres personas asesinadas, entre ellas una mujer, y una m\u00e1s lesionada. <br>Una de las v\u00edctimas, integrante de una organizaci\u00f3n de transportistas. <br>Grave la inseguridad en la ciudad de Oaxaca.<br>Nulos resultados del titular del <a href=\"https:\/\/twitter.com\/MunicipioSeguro?ref_src=twsrc%5Etfw\">@MunicipioSeguro<\/a>, Ra\u00fal \u00c1vila Ibarra. <a href=\"https:\/\/t.co\/mLHkaeQzWR\">pic.twitter.com\/mLHkaeQzWR<\/a><\/p>&mdash; Zona Roja Oaxaca (@ZonaRoja_Oaxaca) <a href=\"https:\/\/twitter.com\/ZonaRoja_Oaxaca\/status\/1596584730929295360?ref_src=twsrc%5Etfw\">26 de noviembre de 2022<\/a><\/blockquote><\/div>\n<\/div><\/figure>\n\n\n\n<figure class=\"wp-block-image size-large\"><a href=\"http:\/\/www.zonaroja.com.mx\/wp-content\/uploads\/2022\/11\/El-Chivo-y-Noe-Jara.jpg\" data-rel=\"penci-gallery-image-content\" ><img decoding=\"async\" width=\"1024\" height=\"768\" src=\"http:\/\/www.zonaroja.com.mx\/wp-content\/uploads\/2022\/11\/El-Chivo-y-Noe-Jara-1024x768.jpg\" alt=\"\" class=\"wp-image-48543\" srcset=\"https:\/\/zonaroja.com.mx\/wp-content\/uploads\/2022\/11\/El-Chivo-y-Noe-Jara-1024x768.jpg 1024w, https:\/\/zonaroja.com.mx\/wp-content\/uploads\/2022\/11\/El-Chivo-y-Noe-Jara-300x225.jpg 300w, https:\/\/zonaroja.com.mx\/wp-content\/uploads\/2022\/11\/El-Chivo-y-Noe-Jara-768x576.jpg 768w, https:\/\/zonaroja.com.mx\/wp-content\/uploads\/2022\/11\/El-Chivo-y-Noe-Jara-585x439.jpg 585w, https:\/\/zonaroja.com.mx\/wp-content\/uploads\/2022\/11\/El-Chivo-y-Noe-Jara.jpg 1080w\" sizes=\"(max-width: 1024px) 100vw, 1024px\" \/><\/a><\/figure>\n\n\n\n<figure class=\"wp-block-embed is-type-rich is-provider-twitter wp-block-embed-twitter\"><div class=\"wp-block-embed__wrapper\">\n<div class=\"twitter-tweet\"><blockquote class=\"twitter-tweet\" data-lang=\"es\"><p lang=\"es\" dir=\"ltr\"><a href=\"https:\/\/twitter.com\/hashtag\/%C3%9AltimoMinuto?src=hash&amp;ref_src=twsrc%5Etfw\">#\u00daltimoMinuto<\/a> <br>Mientras en Oaxaca capital masacran a tres personas, entre ellas dos mujeres y un dirigente de transportistas, el titular de <a href=\"https:\/\/twitter.com\/SEGOB_mx?ref_src=twsrc%5Etfw\">@SEGOB_mx<\/a>, <a href=\"https:\/\/twitter.com\/adan_augusto?ref_src=twsrc%5Etfw\">@adan_augusto<\/a>, se reuni\u00f3 este hoy con gobernadores, actual <a href=\"https:\/\/twitter.com\/alejandromurat?ref_src=twsrc%5Etfw\">@alejandromurat<\/a>, y electo <a href=\"https:\/\/twitter.com\/salomonj?ref_src=twsrc%5Etfw\">@salomonj<\/a>, a cuatro d\u00edas de la transici\u00f3n. <a href=\"https:\/\/t.co\/5rqUMHYbih\">pic.twitter.com\/5rqUMHYbih<\/a><\/p>&mdash; Zona Roja Oaxaca (@ZonaRoja_Oaxaca) <a href=\"https:\/\/twitter.com\/ZonaRoja_Oaxaca\/status\/1596601747208015873?ref_src=twsrc%5Etfw\">26 de noviembre de 2022<\/a><\/blockquote><\/div>\n<\/div><\/figure>\n","protected":false},"excerpt":{"rendered":"<p>Ismael Garc\u00eda M.\/Zona Roja. Oaxaca de Ju\u00e1rez, Oax., a 26 de noviembre de 2022.- A&hellip;<\/p>\n","protected":false},"author":2,"featured_media":48544,"comment_status":"closed","ping_status":"open","sticky":false,"template":"","format":"standard","meta":{"_lmt_disableupdate":"","_lmt_disable":"","_jetpack_memberships_contains_paid_content":false,"footnotes":""},"categories":[109,51],"tags":[148],"class_list":["post-48541","post","type-post","status-publish","format-standard","has-post-thumbnail","hentry","category-minuto-a-minuto","category-zona-roja","tag-oaxaca-de-juarez"],"jetpack_featured_media_url":"https:\/\/zonaroja.com.mx\/wp-content\/uploads\/2022\/11\/Ejecutados-San-Juan-Chapultepec.jpg","jetpack_sharing_enabled":true,"_links":{"self":[{"href":"https:\/\/zonaroja.com.mx\/index.php?rest_route=\/wp\/v2\/posts\/48541","targetHints":{"allow":["GET"]}}],"collection":[{"href":"https:\/\/zonaroja.com.mx\/index.php?rest_route=\/wp\/v2\/posts"}],"about":[{"href":"https:\/\/zonaroja.com.mx\/index.php?rest_route=\/wp\/v2\/types\/post"}],"author":[{"embeddable":true,"href":"https:\/\/zonaroja.com.mx\/index.php?rest_route=\/wp\/v2\/users\/2"}],"replies":[{"embeddable":true,"href":"https:\/\/zonaroja.com.mx\/index.php?rest_route=%2Fwp%2Fv2%2Fcomments&post=48541"}],"version-history":[{"count":2,"href":"https:\/\/zonaroja.com.mx\/index.php?rest_route=\/wp\/v2\/posts\/48541\/revisions"}],"predecessor-version":[{"id":48545,"href":"https:\/\/zonaroja.com.mx\/index.php?rest_route=\/wp\/v2\/posts\/48541\/revisions\/48545"}],"wp:featuredmedia":[{"embeddable":true,"href":"https:\/\/zonaroja.com.mx\/index.php?rest_route=\/wp\/v2\/media\/48544"}],"wp:attachment":[{"href":"https:\/\/zonaroja.com.mx\/index.php?rest_route=%2Fwp%2Fv2%2Fmedia&parent=48541"}],"wp:term":[{"taxonomy":"category","embeddable":true,"href":"https:\/\/zonaroja.com.mx\/index.php?rest_route=%2Fwp%2Fv2%2Fcategories&post=48541"},{"taxonomy":"post_tag","embeddable":true,"href":"https:\/\/zonaroja.com.mx\/index.php?rest_route=%2Fwp%2Fv2%2Ftags&post=48541"}],"curies":[{"name":"wp","href":"https:\/\/api.w.org\/{rel}","templated":true}]}}