{"id":48546,"date":"2022-11-26T15:42:45","date_gmt":"2022-11-26T21:42:45","guid":{"rendered":"http:\/\/www.zonaroja.com.mx\/?p=48546"},"modified":"2022-11-26T15:42:46","modified_gmt":"2022-11-26T21:42:46","slug":"denuncian-a-diputado-y-edil-de-mixtepec-de-usar-elementos-de-marina-como-sus-guaruras","status":"publish","type":"post","link":"https:\/\/zonaroja.com.mx\/?p=48546","title":{"rendered":"Denuncian a diputado y edil de Mixtepec de usar elementos de Marina como sus guaruras"},"content":{"rendered":"\n<p>Redacci\u00f3n\/Zona Roja.<\/p>\n\n\n\n<p>Oaxaca de Ju\u00e1rez, Oax., a 26 de noviembre de 2022.- Pobladores de San Pedro Mixtepec, Oaxaca, denunciaron al edil Javier Cruz Hern\u00e1ndez y al diputado local por Morena, Sesul Bola\u00f1os L\u00f3pez, de hacer campa\u00f1a pol\u00edtica a favor de un candidato, con apoyo de polic\u00edas y elementos de la Marina Armada de M\u00e9xico.<\/p>\n\n\n\n<p>Seg\u00fan dieron a conocer, realizaron la entrega de dinero y despensas en el cierre de campa\u00f1a de Alfredo Hern\u00e1ndez, a quien pretenden imponer como presidente municipal de Mixtepec, Juquila.<\/p>\n\n\n\n<p>\u201cEl diputado local y el presidente municipal violentan la ley por realizar actividades de proselitismo electoral y pol\u00edtico en d\u00eda h\u00e1bil, adem\u00e1s de utilizar infraestructura municipal de San Pedro Mixtepec para dichos actos, tambi\u00e9n probables delitos electorales por parte de los marinos, al resguardar dinero del erario para fines il\u00edcitos de compra del voto, acusaron los inconformes en un comunicado.<\/p>\n\n\n\n<p>Lamentaron que el Partido Morena, que antes criticaba el acarreo y compra de votos, as\u00ed como otros actos fraudulentos, ahora realicen actividades similares, como es el caso del municipio citado, que se rige por Sistemas Normativos Interno.<\/p>\n\n\n\n<p>Demandaron al INE y&nbsp; al Instituto Estatal Electoral y de Participaci\u00f3n Ciudadana de Oaxaca a que tomen cartas en el asunto.<\/p>\n\n\n\n<p>No descartan un bloqueo carretero en esta regi\u00f3n, ya que la Marina Armada de M\u00e9xico se presta para el \u201cmapachismo\u201d electorero, se\u00f1alaron.<\/p>\n","protected":false},"excerpt":{"rendered":"<p>Redacci\u00f3n\/Zona Roja. Oaxaca de Ju\u00e1rez, Oax., a 26 de noviembre de 2022.- Pobladores de San&hellip;<\/p>\n","protected":false},"author":2,"featured_media":48548,"comment_status":"closed","ping_status":"open","sticky":false,"template":"","format":"standard","meta":{"_lmt_disableupdate":"","_lmt_disable":"","_jetpack_memberships_contains_paid_content":false,"footnotes":""},"categories":[109,47],"tags":[890],"class_list":["post-48546","post","type-post","status-publish","format-standard","has-post-thumbnail","hentry","category-minuto-a-minuto","category-zona-gris","tag-san-pedro-mixtepec"],"jetpack_featured_media_url":"https:\/\/zonaroja.com.mx\/wp-content\/uploads\/2022\/11\/Patrulla-San-Pedro-Mixtepec.jpg","jetpack_sharing_enabled":true,"_links":{"self":[{"href":"https:\/\/zonaroja.com.mx\/index.php?rest_route=\/wp\/v2\/posts\/48546","targetHints":{"allow":["GET"]}}],"collection":[{"href":"https:\/\/zonaroja.com.mx\/index.php?rest_route=\/wp\/v2\/posts"}],"about":[{"href":"https:\/\/zonaroja.com.mx\/index.php?rest_route=\/wp\/v2\/types\/post"}],"author":[{"embeddable":true,"href":"https:\/\/zonaroja.com.mx\/index.php?rest_route=\/wp\/v2\/users\/2"}],"replies":[{"embeddable":true,"href":"https:\/\/zonaroja.com.mx\/index.php?rest_route=%2Fwp%2Fv2%2Fcomments&post=48546"}],"version-history":[{"count":1,"href":"https:\/\/zonaroja.com.mx\/index.php?rest_route=\/wp\/v2\/posts\/48546\/revisions"}],"predecessor-version":[{"id":48549,"href":"https:\/\/zonaroja.com.mx\/index.php?rest_route=\/wp\/v2\/posts\/48546\/revisions\/48549"}],"wp:featuredmedia":[{"embeddable":true,"href":"https:\/\/zonaroja.com.mx\/index.php?rest_route=\/wp\/v2\/media\/48548"}],"wp:attachment":[{"href":"https:\/\/zonaroja.com.mx\/index.php?rest_route=%2Fwp%2Fv2%2Fmedia&parent=48546"}],"wp:term":[{"taxonomy":"category","embeddable":true,"href":"https:\/\/zonaroja.com.mx\/index.php?rest_route=%2Fwp%2Fv2%2Fcategories&post=48546"},{"taxonomy":"post_tag","embeddable":true,"href":"https:\/\/zonaroja.com.mx\/index.php?rest_route=%2Fwp%2Fv2%2Ftags&post=48546"}],"curies":[{"name":"wp","href":"https:\/\/api.w.org\/{rel}","templated":true}]}}