{"id":48553,"date":"2022-11-26T18:43:25","date_gmt":"2022-11-27T00:43:25","guid":{"rendered":"http:\/\/www.zonaroja.com.mx\/?p=48553"},"modified":"2022-11-26T18:43:26","modified_gmt":"2022-11-27T00:43:26","slug":"inicia-el-congreso-revision-del-presupuesto-de-egresos-2023","status":"publish","type":"post","link":"https:\/\/zonaroja.com.mx\/?p=48553","title":{"rendered":"Inicia el Congreso revisi\u00f3n del Presupuesto de Egresos 2023"},"content":{"rendered":"\n<p>Redacci\u00f3n\/Zona Roja.<\/p>\n\n\n\n<p>Oaxaca de Ju\u00e1rez, Oax., a 26 de noviembre de 2022.- La Comisi\u00f3n Permanente de Presupuesto y Programaci\u00f3n del Congreso local se instal\u00f3 en sesi\u00f3n permanente para estudiar, analizar y deliberar sobre el proyecto del Presupuesto de Egresos del estado de Oaxaca para el Ejercicio Fiscal 2023.<\/p>\n\n\n\n<p>En esta sesi\u00f3n participaron el presidente de la comisi\u00f3n, el legislador Sergio L\u00f3pez S\u00e1nchez, las congresistas Nancy Ben\u00edtez Z\u00e1rate, Juana Aguilar Espinoza y el representante popular V\u00edctor Ra\u00fal Hern\u00e1ndez L\u00f3pez, integrantes de la misma.<\/p>\n\n\n\n<p>Tambi\u00e9n asisti\u00f3 el diputado Luis Alfonso Silva Romo, presidente de la Junta de Coordinaci\u00f3n Pol\u00edtica (Jucopo) y el parlamentario Luis Alberto Sosa Castillo.<\/p>\n\n\n\n<p>\u00abEste presupuesto, sin duda ser\u00e1 hist\u00f3rico a partir del siguiente a\u00f1o. Tenemos una gran labor que es encauzar el primer gobierno de la verdadera transformaci\u00f3n de Oaxaca a partir del primero de diciembre\u00bb, declar\u00f3 en su participaci\u00f3n en este parlamento, Luis Alfonso Silva Romo, presidente de la Jucopo.<\/p>\n\n\n\n<p>De igual forma, iniciaron con la calendarizaci\u00f3n de actividades que atender\u00e1n durante los pr\u00f3ximos d\u00edas en esta sesi\u00f3n permanente.<\/p>\n","protected":false},"excerpt":{"rendered":"<p>Redacci\u00f3n\/Zona Roja. Oaxaca de Ju\u00e1rez, Oax., a 26 de noviembre de 2022.- La Comisi\u00f3n Permanente&hellip;<\/p>\n","protected":false},"author":2,"featured_media":48554,"comment_status":"closed","ping_status":"open","sticky":false,"template":"","format":"standard","meta":{"_lmt_disableupdate":"","_lmt_disable":"","_jetpack_memberships_contains_paid_content":false,"footnotes":""},"categories":[109,46],"tags":[2743],"class_list":["post-48553","post","type-post","status-publish","format-standard","has-post-thumbnail","hentry","category-minuto-a-minuto","category-zona-blanca","tag-65-legislatura-del-estado-de-oaxaca"],"jetpack_featured_media_url":"https:\/\/zonaroja.com.mx\/wp-content\/uploads\/2022\/11\/FOTO1_Se-declara-en-sesion-permanente-la-Comision-de-Presupuesto-y-Programacion.jpg","jetpack_sharing_enabled":true,"_links":{"self":[{"href":"https:\/\/zonaroja.com.mx\/index.php?rest_route=\/wp\/v2\/posts\/48553","targetHints":{"allow":["GET"]}}],"collection":[{"href":"https:\/\/zonaroja.com.mx\/index.php?rest_route=\/wp\/v2\/posts"}],"about":[{"href":"https:\/\/zonaroja.com.mx\/index.php?rest_route=\/wp\/v2\/types\/post"}],"author":[{"embeddable":true,"href":"https:\/\/zonaroja.com.mx\/index.php?rest_route=\/wp\/v2\/users\/2"}],"replies":[{"embeddable":true,"href":"https:\/\/zonaroja.com.mx\/index.php?rest_route=%2Fwp%2Fv2%2Fcomments&post=48553"}],"version-history":[{"count":1,"href":"https:\/\/zonaroja.com.mx\/index.php?rest_route=\/wp\/v2\/posts\/48553\/revisions"}],"predecessor-version":[{"id":48555,"href":"https:\/\/zonaroja.com.mx\/index.php?rest_route=\/wp\/v2\/posts\/48553\/revisions\/48555"}],"wp:featuredmedia":[{"embeddable":true,"href":"https:\/\/zonaroja.com.mx\/index.php?rest_route=\/wp\/v2\/media\/48554"}],"wp:attachment":[{"href":"https:\/\/zonaroja.com.mx\/index.php?rest_route=%2Fwp%2Fv2%2Fmedia&parent=48553"}],"wp:term":[{"taxonomy":"category","embeddable":true,"href":"https:\/\/zonaroja.com.mx\/index.php?rest_route=%2Fwp%2Fv2%2Fcategories&post=48553"},{"taxonomy":"post_tag","embeddable":true,"href":"https:\/\/zonaroja.com.mx\/index.php?rest_route=%2Fwp%2Fv2%2Ftags&post=48553"}],"curies":[{"name":"wp","href":"https:\/\/api.w.org\/{rel}","templated":true}]}}