{"id":48557,"date":"2022-11-27T07:42:00","date_gmt":"2022-11-27T13:42:00","guid":{"rendered":"http:\/\/www.zonaroja.com.mx\/?p=48557"},"modified":"2022-11-27T06:46:56","modified_gmt":"2022-11-27T12:46:56","slug":"amlo-y-la-marcha-de-la-deshonra-cuanto-costara-el-acarreo","status":"publish","type":"post","link":"https:\/\/zonaroja.com.mx\/?p=48557","title":{"rendered":"AMLO y la marcha de la deshonra; \u00bfcu\u00e1nto costar\u00e1 el \u201cacarreo\u201d?"},"content":{"rendered":"\n<p>Redacci\u00f3n\/Zona Roja Cdmx.<\/p>\n\n\n\n<p>Ciudad de M\u00e9xico, a 27 de noviembre de 2022.- El presidente Andr\u00e9s Manuel L\u00f3pez Obrador \u2018ironiz\u00f3&#8217; este viernes sobre los convocados a la marcha que encabezar\u00e1 este 27 de noviembre y su supuesto \u2018origen\u2019.<\/p>\n\n\n\n<p>\u201cVienen much\u00edsimos \u2018acarreados\u2019 porque ya no gobierna la oligarqu\u00eda, se gobierna con justicia. No pueden venir todos, porque no hay camiones, pero son 12 millones de adultos mayores que reciben pensi\u00f3n, 11 millones de estudiantes que reciben becas\u2019, dijo en su \u2018ma\u00f1anera\u2019.<\/p>\n\n\n\n<p>Sobre el tema, el columnista de \u201cEl Financiero\u201d, Dar\u00edo Celis, afirm\u00f3 que el evento del fin de semana representar\u00e1 un repunte para \u201cel negocio de las marchas y manifestaciones en M\u00e9xico\u201d.<\/p>\n\n\n\n<p>De acuerdo con los c\u00e1lculos del columnista, el transporte de personas de los 31 estados de la Rep\u00fablica Mexicana (cerca de 700 mil) costar\u00e1 alrededor de mil 500 millones de pesos.<\/p>\n\n\n\n<p>\u201cCon una media de 10 mil a 20 mil personas, para lo que se necesitar\u00e1n entre 250 y 500 camiones por entidad. Adem\u00e1s la paga por concepto de hotel, alimentos y vi\u00e1ticos en general, as\u00ed como herramientas de apoyo como camisetas, gorras, banderines y pancartas, ronda los 20 millones por cada 10 mil personas\u201d, apunt\u00f3.<\/p>\n\n\n\n<p>Celis abund\u00f3 que solo el viaje redondo de los camiones cuesta 24 mil pesos, a lo que se tiene que aumentar un vi\u00e1tico de mil pesos por persona que cubra comidas, estancia y \u201cun apoyo por el esfuerzo de estar presente\u201d en Paseo de la Reforma.<\/p>\n\n\n\n<p>Sobre los asistentes que no tendr\u00e1n que viajar pronto por ubicarse en la Zona Metropolitana del Valle de M\u00e9xico (es decir, CDMX y municipios colindantes del Edomex), el costo ser\u00e1 de entre 2 y 3 millones de pesos por cada 10 mil manifestantes, asegur\u00f3 el columnista.<\/p>\n\n\n\n<p>\u201cLa \u2018contramarcha\u2019 del pr\u00f3ximo domingo es una manifestaci\u00f3n organizada y promovida desde la c\u00faspide del poder en M\u00e9xico, que es representado por el inquilino de Palacio Nacional. Va a ser ejecutada por gobernadores, alcaldes y dem\u00e1s dirigentes del partido Morena, usando recursos p\u00fablicos, para volver a retomar la movilizaci\u00f3n social pausada los cuatro a\u00f1os de gobierno de la 4T\u201d, agreg\u00f3 Celis.<\/p>\n\n\n\n<p>Si bien el presidente Andr\u00e9s Manuel L\u00f3pez Obrador ha negado que su marcha sea una respuesta a la oposici\u00f3n, se realizar\u00e1 apenas dos semanas despu\u00e9s de la convocada por organizaciones de la sociedad civil en defensa del Instituto Nacional Electoral (INE).<\/p>\n\n\n\n<p>(Informaci\u00f3n de \u201cEl Financiero\u201d)<\/p>\n","protected":false},"excerpt":{"rendered":"<p>Redacci\u00f3n\/Zona Roja Cdmx. Ciudad de M\u00e9xico, a 27 de noviembre de 2022.- El presidente Andr\u00e9s&hellip;<\/p>\n","protected":false},"author":2,"featured_media":48563,"comment_status":"closed","ping_status":"open","sticky":false,"template":"","format":"standard","meta":{"_lmt_disableupdate":"","_lmt_disable":"","_jetpack_memberships_contains_paid_content":false,"footnotes":""},"categories":[109,47],"tags":[143],"class_list":["post-48557","post","type-post","status-publish","format-standard","has-post-thumbnail","hentry","category-minuto-a-minuto","category-zona-gris","tag-andres-manuel-lopez-obrador"],"jetpack_featured_media_url":"https:\/\/zonaroja.com.mx\/wp-content\/uploads\/2022\/11\/Convocatoria-marcha-AMLO.jpg","jetpack_sharing_enabled":true,"_links":{"self":[{"href":"https:\/\/zonaroja.com.mx\/index.php?rest_route=\/wp\/v2\/posts\/48557","targetHints":{"allow":["GET"]}}],"collection":[{"href":"https:\/\/zonaroja.com.mx\/index.php?rest_route=\/wp\/v2\/posts"}],"about":[{"href":"https:\/\/zonaroja.com.mx\/index.php?rest_route=\/wp\/v2\/types\/post"}],"author":[{"embeddable":true,"href":"https:\/\/zonaroja.com.mx\/index.php?rest_route=\/wp\/v2\/users\/2"}],"replies":[{"embeddable":true,"href":"https:\/\/zonaroja.com.mx\/index.php?rest_route=%2Fwp%2Fv2%2Fcomments&post=48557"}],"version-history":[{"count":1,"href":"https:\/\/zonaroja.com.mx\/index.php?rest_route=\/wp\/v2\/posts\/48557\/revisions"}],"predecessor-version":[{"id":48564,"href":"https:\/\/zonaroja.com.mx\/index.php?rest_route=\/wp\/v2\/posts\/48557\/revisions\/48564"}],"wp:featuredmedia":[{"embeddable":true,"href":"https:\/\/zonaroja.com.mx\/index.php?rest_route=\/wp\/v2\/media\/48563"}],"wp:attachment":[{"href":"https:\/\/zonaroja.com.mx\/index.php?rest_route=%2Fwp%2Fv2%2Fmedia&parent=48557"}],"wp:term":[{"taxonomy":"category","embeddable":true,"href":"https:\/\/zonaroja.com.mx\/index.php?rest_route=%2Fwp%2Fv2%2Fcategories&post=48557"},{"taxonomy":"post_tag","embeddable":true,"href":"https:\/\/zonaroja.com.mx\/index.php?rest_route=%2Fwp%2Fv2%2Ftags&post=48557"}],"curies":[{"name":"wp","href":"https:\/\/api.w.org\/{rel}","templated":true}]}}