{"id":48565,"date":"2022-11-27T11:47:00","date_gmt":"2022-11-27T17:47:00","guid":{"rendered":"http:\/\/www.zonaroja.com.mx\/?p=48565"},"modified":"2022-11-27T06:53:52","modified_gmt":"2022-11-27T12:53:52","slug":"opinion-la-tierra-de-john-gibler","status":"publish","type":"post","link":"https:\/\/zonaroja.com.mx\/?p=48565","title":{"rendered":"Opini\u00f3n. La tierra de John Gibler"},"content":{"rendered":"\n<p>Diego Enrique Osorno*<\/p>\n\n\n\n<p>Le\u00ed \u201cLa tierra de Vallejo\u201d, el nuevo libro de John Gibler, durante una especie de reclusi\u00f3n en un lugar llamado Santiago -no de Chuco-, al cual hab\u00eda ido a intentar sanarme una depresi\u00f3n pand\u00e9mica.&nbsp;<\/p>\n\n\n\n<p>El plan era desconectarme de todo. Darme de baja un rato del contexto. Ni siquiera ten\u00eda \u00e1nimo para leer, sin embargo, llevaba el manuscrito que John me hab\u00eda compartido varios meses atr\u00e1s. Con poco \u00e1nimo empec\u00e9 a hojearlo.<\/p>\n\n\n\n<p>Planteado en forma de diario de viaje, empieza con la presentaci\u00f3n del autor y protagonista de esta historia: un hombre nacido en Estados Unidos, aunque le cae mal ser de Estados Unidos; adem\u00e1s, aunque es periodista, en realidad siempre ha deseado ser poeta.&nbsp;<\/p>\n\n\n\n<p>Por alguna raz\u00f3n metaf\u00edsica que se ir\u00e1 desvelando, este personaje residente en M\u00e9xico se encuentra en la ciudad peruana de Trujillo, buscando libros de C\u00e9sar Vallejo y sobre C\u00e9sar Vallejo.&nbsp;<\/p>\n\n\n\n<p>Con una prosa que inicialmente tiene un registro casi notarial, la cual se va complejizando a lo largo del peregrinaje narrativo, vamos siguiendo a John en su b\u00fasqueda de rastros y pistas po\u00e9ticas, al mismo tiempo que conocemos algo de contexto cultural peruano y de la escabrosa vida pol\u00edtica y social andina, que a no dudar es la latinoamericana.&nbsp;<\/p>\n\n\n\n<p>Reflexiones sobre democracia, escritura e identidad son presentadas a partir de digresiones, descripciones y charlas aparentemente fortuitas entre varios personajes fascinantes, algunos de ellos eminentemente vallejianos, aunque la mayor\u00eda me parece que son todo lo opuesto.&nbsp;<\/p>\n\n\n\n<p>Una noche pasa lo siguiente: El autor est\u00e1 encerrado en un campo de concentraci\u00f3n pensando en c\u00f3mo fugarse, cuando ve a unos hombres disolviendo cuerpos en \u00e1cido.&nbsp;<\/p>\n\n\n\n<p>Despu\u00e9s aparecen corriendo muchas ni\u00f1as y ni\u00f1os vestidos con uniforme escolar. Es una especie de fuga masiva del horrendo sitio y John empieza a correr tambi\u00e9n, pero recuerda que ha olvidado los libros de Vallejo que apenas hab\u00eda encontrado durante sus pesquisas en Trujillo.&nbsp;<\/p>\n\n\n\n<p>Carajo. Sabe que si no corre puede morir. \u00bfQu\u00e9 decide hacer entonces? Se arriesga a salvar los libros de Vallejo. Hasta aqu\u00ed acaba esta pesadilla que tuvo John una noche relatada en su diario.&nbsp;<\/p>\n\n\n\n<p>Resalto la decisi\u00f3n de John de arriesgar su vida para salvar los poemas de Vallejo. A partir de ah\u00ed ya no dej\u00e9 de avanzar p\u00e1gina tras p\u00e1gina y me olvid\u00e9 de mi absurda depresi\u00f3n hasta llegar ese d\u00eda al final del libro publicado este 2022 por la editorial espa\u00f1ola Pepitas de Calabaza.&nbsp;<\/p>\n\n\n\n<p>Pero la pesadilla del diario de viaje de John activ\u00f3 tambi\u00e9n una ventana personal que me llev\u00f3 a repasar toda su obra desde mi experiencia como lector suyo.&nbsp;<\/p>\n\n\n\n<p>Este es su sexto libro. En el primero, \u201cM\u00e9xico Rebelde\u201d (Debate, 2011) aborda el zapatismo, la lucha popular de Oaxaca en 2006, la represi\u00f3n de San Salvador Atenco, el problema de la migraci\u00f3n y la lucha guerrillera de Gloria Arenas, presa pol\u00edtica del ERPI.&nbsp;<\/p>\n\n\n\n<p>Se trata de un libro entre la cr\u00f3nica y el ensayo, inspirado y comprometido con retratar al M\u00e9xico de abajo y a la izquierda, a partir de la influencia pol\u00edtica de la Sexta Declaraci\u00f3n de la Selva Lacandona lanzada por el EZLN en 2005.&nbsp;<\/p>\n\n\n\n<p>Para su segundo libro, Morir en M\u00e9xico (Surplus, 2012) John pasa del M\u00e9xico rebelde a desenmascarar al M\u00e9xico de la falsa guerra contra el narco decretada en aquel entonces por Felipe Calder\u00f3n.&nbsp;<\/p>\n\n\n\n<p>Mientras da contexto anal\u00edtico y ensaya una cr\u00edtica a la pol\u00edtica antidrogas predominante, viaja a diversos lugares del pa\u00eds para investigar lo que est\u00e1 pasando con las v\u00edctimas y conocer casos como el de Jos\u00e9 Humberto M\u00e1rquez Compe\u00e1n, un obrero ejecutado extrajudicialmente por la Marina, o relatar la historia del semanario sinaloense \u201cR\u00edodoce\u201d, y del gran periodista y amigo querido, Javier Valdez, asesinado en mayo de 2017.&nbsp;<\/p>\n\n\n\n<p>John acu\u00f1a en ese tiempo una frase contundente que sintetiza incluso la realidad actual: \u201cEn M\u00e9xico es m\u00e1s peligroso investigar un asesinato que cometerlo\u201d. Su siguiente libro, \u201cVeinte poemas para ser le\u00eddos en una balacera\u201d (Surplus, 2012), parte de un gui\u00f1o a Oliverio Girondo y a las v\u00edctimas que conoci\u00f3 durante la escritura de Morir en M\u00e9xico.&nbsp;<\/p>\n\n\n\n<p>El poemario desborda intensidad y vibra en su amor a quienes enfrentan el horror de forma cotidiana. Aunque todos sus libros son fascinantes, \u201cTzompaxtle\u201d (Tusquets, 2014) es mi preferido.&nbsp;<\/p>\n\n\n\n<p>Ah\u00ed cuenta la historia de un guerrillero que logr\u00f3 escaparse de una prisi\u00f3n militar en la que se encontraba desaparecido de manera forzada. Al mismo tiempo se cuestiona la utilidad de los libros y el significado y valor en la palabra de los oprimidos.&nbsp;<\/p>\n\n\n\n<p>Su quinto libro, \u201cAyotzinapa. Una historia oral de la infamia\u201d (Grijalbo\/Surplus, 2016), es quiz\u00e1 el m\u00e1s conocido e importante. A partir de muchas horas de entrevistas con normalistas, supervivientes y personas involucradas en los hechos del 26 y 27 de septiembre en Iguala, John trenza testimonios para contribuir a la b\u00fasqueda de la verdad en torno a la desaparici\u00f3n de los 43 estudiantes de Ayotzinapa.&nbsp;<\/p>\n\n\n\n<p>Algo se rompi\u00f3 en el pa\u00eds en aquel septiembre de 2014. Y algo se rompi\u00f3 tambi\u00e9n en John desde entonces. Tuvimos que esperar seis a\u00f1os despu\u00e9s de los hechos de Ayotzinapa para que volviera a publicar un libro.&nbsp;<\/p>\n\n\n\n<p>La tierra de Vallejo&nbsp;es un viraje en ciertas cuestiones formales con relaci\u00f3n a sus anteriores libros. Por ejemplo, el que los sucesos narrados ocurren por primera vez fuera de M\u00e9xico (aunque se siente M\u00e9xico todo el tiempo), o el que la investigaci\u00f3n que hace no estriba sobre un acontecimiento tr\u00e1gico, sino que tiene que ver con una cuesti\u00f3n po\u00e9tica (aunque al final del libro hay un inevitable y fant\u00e1stico giro social de tuerca).&nbsp;<\/p>\n\n\n\n<p>John siempre ha desandado entre el periodismo y la literatura, pero este es un libro m\u00e1s literario que period\u00edstico. Por ello da la impresi\u00f3n de que representa una especie de sanaci\u00f3n o b\u00fasqueda existencial a\u00fan m\u00e1s arriesgada por parte de un periodista gringo que en realidad es un poeta vallejiano.&nbsp;<\/p>\n\n\n\n<p>Los lectores de la obra gibleriana celebramos que haya decidido quedarse a salvar los libros de Vallejo en medio de la pesadilla.&nbsp;&nbsp;<\/p>\n\n\n\n<p>*Escritor y periodista.<\/p>\n","protected":false},"excerpt":{"rendered":"<p>Diego Enrique Osorno* Le\u00ed \u201cLa tierra de Vallejo\u201d, el nuevo libro de John Gibler, durante&hellip;<\/p>\n","protected":false},"author":2,"featured_media":48560,"comment_status":"closed","ping_status":"open","sticky":false,"template":"","format":"standard","meta":{"_lmt_disableupdate":"","_lmt_disable":"","_jetpack_memberships_contains_paid_content":false,"footnotes":""},"categories":[456,109],"tags":[3020],"class_list":["post-48565","post","type-post","status-publish","format-standard","has-post-thumbnail","hentry","category-columna","category-minuto-a-minuto","tag-diego-enrique-osorno"],"jetpack_featured_media_url":"https:\/\/zonaroja.com.mx\/wp-content\/uploads\/2022\/11\/Diego-Enrique-Osorno.jpeg","jetpack_sharing_enabled":true,"_links":{"self":[{"href":"https:\/\/zonaroja.com.mx\/index.php?rest_route=\/wp\/v2\/posts\/48565","targetHints":{"allow":["GET"]}}],"collection":[{"href":"https:\/\/zonaroja.com.mx\/index.php?rest_route=\/wp\/v2\/posts"}],"about":[{"href":"https:\/\/zonaroja.com.mx\/index.php?rest_route=\/wp\/v2\/types\/post"}],"author":[{"embeddable":true,"href":"https:\/\/zonaroja.com.mx\/index.php?rest_route=\/wp\/v2\/users\/2"}],"replies":[{"embeddable":true,"href":"https:\/\/zonaroja.com.mx\/index.php?rest_route=%2Fwp%2Fv2%2Fcomments&post=48565"}],"version-history":[{"count":1,"href":"https:\/\/zonaroja.com.mx\/index.php?rest_route=\/wp\/v2\/posts\/48565\/revisions"}],"predecessor-version":[{"id":48566,"href":"https:\/\/zonaroja.com.mx\/index.php?rest_route=\/wp\/v2\/posts\/48565\/revisions\/48566"}],"wp:featuredmedia":[{"embeddable":true,"href":"https:\/\/zonaroja.com.mx\/index.php?rest_route=\/wp\/v2\/media\/48560"}],"wp:attachment":[{"href":"https:\/\/zonaroja.com.mx\/index.php?rest_route=%2Fwp%2Fv2%2Fmedia&parent=48565"}],"wp:term":[{"taxonomy":"category","embeddable":true,"href":"https:\/\/zonaroja.com.mx\/index.php?rest_route=%2Fwp%2Fv2%2Fcategories&post=48565"},{"taxonomy":"post_tag","embeddable":true,"href":"https:\/\/zonaroja.com.mx\/index.php?rest_route=%2Fwp%2Fv2%2Ftags&post=48565"}],"curies":[{"name":"wp","href":"https:\/\/api.w.org\/{rel}","templated":true}]}}