{"id":48567,"date":"2022-11-27T09:59:00","date_gmt":"2022-11-27T15:59:00","guid":{"rendered":"http:\/\/www.zonaroja.com.mx\/?p=48567"},"modified":"2022-11-27T07:23:20","modified_gmt":"2022-11-27T13:23:20","slug":"denuncian-violencia-y-exigen-justicia-para-defensora-y-trabajadora-del-gobierno-capitalino","status":"publish","type":"post","link":"https:\/\/zonaroja.com.mx\/?p=48567","title":{"rendered":"Denuncian violencia y exigen justicia para defensora y trabajadora del gobierno capitalino"},"content":{"rendered":"\n<p>Yuridiana Sosa\/Zona Roja.<\/p>\n\n\n\n<p>Oaxaca de Ju\u00e1rez, Oax., 27 de noviembre de 2022.- Las defensoras de derechos humanos Nora Elizabeth Garc\u00eda Cancino y Sara M\u00e9ndez Zarz\u00faa, adem\u00e1s de mujeres de un refugio en la capital del estado, son violentadas por el abogado penalista Alberto P\u00e9rez Alav\u00e9s, por los que organismos civiles exigen la intervenci\u00f3n de las autoridades para proteger la vida de las afectadas.<\/p>\n\n\n\n<p>En el marco del D\u00eda Internacional para la Eliminaci\u00f3n de la Violencia contra la Mujer, asociaciones defensoras de mujeres denunciaron las m\u00faltiples violaciones a los derechos de Garc\u00eda Cancino, quien adem\u00e1s actualmente labora como Jefa de Departamento de la Casa de Medio Camino (CAMEC) del Instituto Municipal de la Mujer del Municipio de Oaxaca de Ju\u00e1rez, y cuenta con un refugio para mujeres, y de M\u00e9ndez Zarzua, abogada adscrita al refugio y pareja sentimental del agresor.<\/p>\n\n\n\n<p>P\u00e9rez Alavez fue denunciado con anterioridad por diversas transgresiones a los derechos humanos de Sara M\u00e9ndez por ejercer violencia familiar y violaciones sistem\u00e1ticas.<\/p>\n\n\n\n<p>Sin embargo, debido al influyentismo, el penalista ha logrado obstaculizar el proceso jur\u00eddico interpuesto por las v\u00edctimas para evitar sanciones en su contra y de su hijo, vali\u00e9ndose de amenazas, coacci\u00f3n y la difamaci\u00f3n.<\/p>\n\n\n\n<p>Pero la manipulaci\u00f3n de la informaci\u00f3n no s\u00f3lo arriesga la vida de las defensoras, sino tambi\u00e9n de las mujeres usuarias del refugio, pues el abogado Alberto P\u00e9rez amenaza con hacer p\u00fablica informaci\u00f3n confidencial que obtuvo a trav\u00e9s del robo del celular de Sara, indic\u00f3 el pronunciamiento de los organismos.<br>Ante los hechos, exigieron al gobierno municipal que encabeza Francisco Mart\u00ednez Neri a ofrecer acompa\u00f1amiento, vigilancia y otorgar las garant\u00edas para que las afectadas cuenten con una vida libre de violencia.<\/p>\n\n\n\n<p>Mientras que, en conjunto a los tres niveles de gobierno, demandaron establecer estrategias para garantizar la integridad f\u00edsica y psicol\u00f3gica de todas las mujeres de Oaxaca, y en el caso de Nora Garc\u00eda y Sara M\u00e9ndez se realice una investigaci\u00f3n y sanci\u00f3n conforme a derecho para los agresores.<\/p>\n\n\n\n<p>OTRA DENUNCIA<\/p>\n\n\n\n<p>Por otra parte, la directora del Instituto Municipal de la Mujer del Municipio de Oaxaca de Ju\u00e1rez, Brenda Elizabeth Dom\u00ednguez Enciso, denunci\u00f3 ayer que fue v\u00edctima de un intento de feminicidio, tras proteger a una mujer violentada.<\/p>\n\n\n\n<p>La funcionaria explic\u00f3 que durante la madrugada de este s\u00e1bado, Marco Antonio Velasco, ex pareja sentimental de su amiga \u2014a quien resguarda en su casa\u2014 lleg\u00f3 armado a su domicilio e intent\u00f3 atacarlas.&nbsp;<\/p>\n\n\n\n<p>Al borde del llanto, Dom\u00ednguez Enciso agreg\u00f3 que proceder\u00e1 con la denuncia correspondiente, al referir que su amiga de origen extranjero ha sido violentada en m\u00faltiples ocasiones por este sujeto y ahora tras protegerla tambi\u00e9n peligra su vida.<\/p>\n\n\n\n<p>\u00abRompi\u00f3 vidrios, quiso entrar en la casa pero no lo logr\u00f3, comenz\u00f3 a disparar por lo que nos resguardamos mientras llegaba la polic\u00eda, fueron momentos de terror\u00bb, dijo.&nbsp;<\/p>\n\n\n\n<p>Lo anterior, lo expuso&nbsp; durante un foro que encabez\u00f3 en el municipio de Oaxaca de Ju\u00e1rez en el marco de los 16 d\u00edas de activismo contra la violencia hacia las mujeres. &nbsp;<\/p>\n","protected":false},"excerpt":{"rendered":"<p>Yuridiana Sosa\/Zona Roja. Oaxaca de Ju\u00e1rez, Oax., 27 de noviembre de 2022.- Las defensoras de&hellip;<\/p>\n","protected":false},"author":2,"featured_media":48568,"comment_status":"closed","ping_status":"open","sticky":false,"template":"","format":"standard","meta":{"_lmt_disableupdate":"","_lmt_disable":"","_jetpack_memberships_contains_paid_content":false,"footnotes":""},"categories":[109,47],"tags":[],"class_list":["post-48567","post","type-post","status-publish","format-standard","has-post-thumbnail","hentry","category-minuto-a-minuto","category-zona-gris"],"jetpack_featured_media_url":"https:\/\/zonaroja.com.mx\/wp-content\/uploads\/2022\/11\/Pronunciamiento-Nora-Elizabeth-Garcia-Cancino.jpg","jetpack_sharing_enabled":true,"_links":{"self":[{"href":"https:\/\/zonaroja.com.mx\/index.php?rest_route=\/wp\/v2\/posts\/48567","targetHints":{"allow":["GET"]}}],"collection":[{"href":"https:\/\/zonaroja.com.mx\/index.php?rest_route=\/wp\/v2\/posts"}],"about":[{"href":"https:\/\/zonaroja.com.mx\/index.php?rest_route=\/wp\/v2\/types\/post"}],"author":[{"embeddable":true,"href":"https:\/\/zonaroja.com.mx\/index.php?rest_route=\/wp\/v2\/users\/2"}],"replies":[{"embeddable":true,"href":"https:\/\/zonaroja.com.mx\/index.php?rest_route=%2Fwp%2Fv2%2Fcomments&post=48567"}],"version-history":[{"count":1,"href":"https:\/\/zonaroja.com.mx\/index.php?rest_route=\/wp\/v2\/posts\/48567\/revisions"}],"predecessor-version":[{"id":48569,"href":"https:\/\/zonaroja.com.mx\/index.php?rest_route=\/wp\/v2\/posts\/48567\/revisions\/48569"}],"wp:featuredmedia":[{"embeddable":true,"href":"https:\/\/zonaroja.com.mx\/index.php?rest_route=\/wp\/v2\/media\/48568"}],"wp:attachment":[{"href":"https:\/\/zonaroja.com.mx\/index.php?rest_route=%2Fwp%2Fv2%2Fmedia&parent=48567"}],"wp:term":[{"taxonomy":"category","embeddable":true,"href":"https:\/\/zonaroja.com.mx\/index.php?rest_route=%2Fwp%2Fv2%2Fcategories&post=48567"},{"taxonomy":"post_tag","embeddable":true,"href":"https:\/\/zonaroja.com.mx\/index.php?rest_route=%2Fwp%2Fv2%2Ftags&post=48567"}],"curies":[{"name":"wp","href":"https:\/\/api.w.org\/{rel}","templated":true}]}}