{"id":48572,"date":"2022-11-27T07:59:26","date_gmt":"2022-11-27T13:59:26","guid":{"rendered":"http:\/\/www.zonaroja.com.mx\/?p=48572"},"modified":"2022-11-27T09:11:51","modified_gmt":"2022-11-27T15:11:51","slug":"mientras-jara-y-murat-se-reunian-en-segob-matan-a-seis-en-oaxaca","status":"publish","type":"post","link":"https:\/\/zonaroja.com.mx\/?p=48572","title":{"rendered":"Mientras Jara y Murat se reun\u00edan en Segob, matan a 5 en Oaxaca"},"content":{"rendered":"\n<p>Ismael Garc\u00eda M.\/Zona Roja.<\/p>\n\n\n\n<p>Oaxaca de Ju\u00e1rez, Oax., a 27 de noviembre de 2022.- Cinco personas fueron asesinadas en Oaxaca este s\u00e1bado, d\u00eda en que en la Secretar\u00eda de Gobernaci\u00f3n, se reunieron los gobernadores electo, Salom\u00f3n Jara Cruz, y actual, Alejandro Murat Hinojosa.<\/p>\n\n\n\n<p>El m\u00e1s reciente crimen ocurri\u00f3 anoche en la colonia Cosicojeza, aleda\u00f1a a la Central de Abasto de la capital oaxaque\u00f1a.<\/p>\n\n\n\n<p>Un hombre fue atacado con arma blanca e intent\u00f3 correr, pero debido a la gravedad las lesiones, muri\u00f3 en la calle Monte Alban esquina con prolongaci\u00f3n de Nu\u00f1o del Mercado.<\/p>\n\n\n\n<p>Param\u00e9dicos de la Cruz Roja Mexicana le hab\u00edan brindado los primeros auxilios, pero corroboraron que ya hab\u00eda perdido la vida; a\u00fan no ha sido identificado. <\/p>\n\n\n\n<p>En Pinotepa Nacional, ayer fue asesinado a balazos un individuo en la calle Octava Oriente del Barrio de Las Flores, en el municipio de Santiago Pinotepa Nacional.<\/p>\n\n\n\n<p>La v\u00edctima fue identificada como El\u00ed M. R., y fue acribillada presuntamente por dos sujetos que viajaban a bordo de una motocicleta.<\/p>\n\n\n\n<p>En tanto, que del ataque armado registrado ayer al mediod\u00eda en la agencia San Juan Chapultepec de la ciudad de Oaxaca, de \u00faltima hora se inform\u00f3 que habr\u00eda perdido la vida la cuarta persona baleada, identificada como Mois\u00e9s E. V., lo cual no se ha confirmado oficialmente. <\/p>\n\n\n\n<p>En el sitio, a un costado de la explanada municipal, murieron \u00c9rick F. J. R., alias \u201cEl Chivo\u201d, de 27 a\u00f1os de edad, junto con su pareja de nombre Concepci\u00f3n T. G.; adem\u00e1s, una adolescente de Deyanira Selene \u201cN\u201d, de 14 a\u00f1os.<\/p>\n\n\n\n<p>El dirigente del Sindicato Confederaci\u00f3n Joven, conocido tambi\u00e9n como CATEM Joven, poco antes estuvo en inmediaciones del centro comercial Plaza Bella, pegando calcas junto con el integrante de Morena, No\u00e9 Jara Cruz, hermano del gobernador electo, a favor de Laura Estrada Mauro.<\/p>\n\n\n\n<p>V\u00eda redes sociales, la Fiscal\u00eda General del Estado de Oaxaca inform\u00f3 que inici\u00f3 la Carpeta de Investigaci\u00f3n 40630\/FSAU\/UEIH\/2022, \u201cante el homicidio de dos mujeres (una de ellas adolescente) y un masculino\u201d, suscitado en la Agencia de San Juan Chapultepec de Oaxaca de Ju\u00e1rez.<\/p>\n\n\n\n<p>Indic\u00f3 que de forma inmediata, despleg\u00f3 a su personal multidisciplinario para iniciar las investigaciones correspondientes en el lugar de los hechos, que permitan dar con los responsables de este delito y presentarlos ante la justicia.&nbsp;<\/p>\n","protected":false},"excerpt":{"rendered":"<p>Ismael Garc\u00eda M.\/Zona Roja. Oaxaca de Ju\u00e1rez, Oax., a 27 de noviembre de 2022.- Cinco&hellip;<\/p>\n","protected":false},"author":2,"featured_media":48573,"comment_status":"closed","ping_status":"open","sticky":false,"template":"","format":"standard","meta":{"_lmt_disableupdate":"","_lmt_disable":"","_jetpack_memberships_contains_paid_content":false,"footnotes":""},"categories":[109,51],"tags":[148],"class_list":["post-48572","post","type-post","status-publish","format-standard","has-post-thumbnail","hentry","category-minuto-a-minuto","category-zona-roja","tag-oaxaca-de-juarez"],"jetpack_featured_media_url":"https:\/\/zonaroja.com.mx\/wp-content\/uploads\/2022\/11\/Asesinado-ciudad-de-Oaxaca.jpeg","jetpack_sharing_enabled":true,"_links":{"self":[{"href":"https:\/\/zonaroja.com.mx\/index.php?rest_route=\/wp\/v2\/posts\/48572","targetHints":{"allow":["GET"]}}],"collection":[{"href":"https:\/\/zonaroja.com.mx\/index.php?rest_route=\/wp\/v2\/posts"}],"about":[{"href":"https:\/\/zonaroja.com.mx\/index.php?rest_route=\/wp\/v2\/types\/post"}],"author":[{"embeddable":true,"href":"https:\/\/zonaroja.com.mx\/index.php?rest_route=\/wp\/v2\/users\/2"}],"replies":[{"embeddable":true,"href":"https:\/\/zonaroja.com.mx\/index.php?rest_route=%2Fwp%2Fv2%2Fcomments&post=48572"}],"version-history":[{"count":2,"href":"https:\/\/zonaroja.com.mx\/index.php?rest_route=\/wp\/v2\/posts\/48572\/revisions"}],"predecessor-version":[{"id":48578,"href":"https:\/\/zonaroja.com.mx\/index.php?rest_route=\/wp\/v2\/posts\/48572\/revisions\/48578"}],"wp:featuredmedia":[{"embeddable":true,"href":"https:\/\/zonaroja.com.mx\/index.php?rest_route=\/wp\/v2\/media\/48573"}],"wp:attachment":[{"href":"https:\/\/zonaroja.com.mx\/index.php?rest_route=%2Fwp%2Fv2%2Fmedia&parent=48572"}],"wp:term":[{"taxonomy":"category","embeddable":true,"href":"https:\/\/zonaroja.com.mx\/index.php?rest_route=%2Fwp%2Fv2%2Fcategories&post=48572"},{"taxonomy":"post_tag","embeddable":true,"href":"https:\/\/zonaroja.com.mx\/index.php?rest_route=%2Fwp%2Fv2%2Ftags&post=48572"}],"curies":[{"name":"wp","href":"https:\/\/api.w.org\/{rel}","templated":true}]}}