{"id":4858,"date":"2019-10-15T21:02:30","date_gmt":"2019-10-16T02:02:30","guid":{"rendered":"http:\/\/www.zonaroja.com.mx\/?p=4858"},"modified":"2019-10-15T21:02:33","modified_gmt":"2019-10-16T02:02:33","slug":"en-oaxaca-hay-permiso-para-matar-mujeres-diputada-responsabiliza-a-gobernador","status":"publish","type":"post","link":"https:\/\/zonaroja.com.mx\/?p=4858","title":{"rendered":"\u201cEn Oaxaca hay permiso para matar mujeres\u201d; diputada responsabiliza a gobernador"},"content":{"rendered":"\n<p>Ismael Garc\u00eda M.\/Zona Roja.<\/p>\n\n\n\n<p>Foto: Especial<\/p>\n\n\n\n<p>Oaxaca de Ju\u00e1rez, Oax., 15 de octubre de\n2019.- \u201cEn Oaxaca hay permiso para matar mujeres, lo han gritado otras\nv\u00edctimas, hoy nada puedo hacer para contradecir esos dichos\u201d.<\/p>\n\n\n\n<p>As\u00ed recrimin\u00f3 la diputada por el\nPartido Morena, Elisa Zepeda Lagunas, la liberaci\u00f3n la madrugada de hoy de\nMiguel \u00c1ngel Peralta, quien estuvo acusado de homicidio e intento de homicidio,\ny hab\u00eda sido sentenciado a 50 a\u00f1os de prisi\u00f3n.<\/p>\n\n\n\n<p>En un comunicado, la ex presidenta municipal de Eloxochitl\u00e1n de Flores Mag\u00f3n responsabiliz\u00f3 al gobernador de Oaxaca, Alejandro Murat Hinojosa, de su integridad f\u00edsica y la de su familia. <\/p>\n\n\n\n<p>Asimismo, a la magistrada presidenta\ndel Tribunal de Justicia de Oaxaca, Mar\u00eda Eugenia Villanueva Abraj\u00e1n, y al juez\nModesto Isa\u00edas Santiago \u201cdel peligro que correo mi vida y la de mi familia;\npoco le importamos a ellos\u201d.<\/p>\n\n\n\n<p>Zepeda Lagunas y su familia fueron v\u00edctimas de una agresi\u00f3n armada en diciembre de 2014, con saldo de dos personas fallecidas, varias lesionadas, adem\u00e1s de incendio de veh\u00edculos, casas y comercios.<\/p>\n\n\n\n<figure class=\"wp-block-image\"><img decoding=\"async\" width=\"540\" height=\"960\" src=\"http:\/\/www.zonaroja.com.mx\/wp-content\/uploads\/2019\/10\/Elisa-Zepeda-1.jpg\" alt=\"\" class=\"wp-image-4860\" srcset=\"https:\/\/zonaroja.com.mx\/wp-content\/uploads\/2019\/10\/Elisa-Zepeda-1.jpg 540w, https:\/\/zonaroja.com.mx\/wp-content\/uploads\/2019\/10\/Elisa-Zepeda-1-169x300.jpg 169w\" sizes=\"(max-width: 540px) 100vw, 540px\" \/><\/figure>\n\n\n\n<p>Aqu\u00ed su comunicado completo:<\/p>\n\n\n\n<p>Frente a mis ojos la justicia se\ndesvanece en Oaxaca, estos mismos ojos que vieron el asesinato de Gustavo\nEstrada y de mi hermano Manuel Zepeda en diciembre del 2014 en Eloxochitl\u00e1n de\nFlores Mag\u00f3n.<\/p>\n\n\n\n<p>La libertad de Miguel \u00c1ngel Peralta,\nquien golpe\u00f3 a mi madre y a m\u00ed al grado de darnos por muertas, y asesin\u00f3 a\nGustavo Estrada y Manuel Zepeda, representa un agravio, un insulto y un\ndesaliento para las mujeres de Oaxaca que luchan porque la violencia feminicida\nno camine de la mano de la impunidad.<\/p>\n\n\n\n<p>\u201cEn Oaxaca hay permiso para matar\nmujeres\u201d, lo han gritado otras v\u00edctimas, hoy nada puedo hacer para contradecir\nesos dichos.<\/p>\n\n\n\n<p>Miguel Peralta hab\u00eda sido sentenciado a\n50 a\u00f1os por el asesinato de dos hombres ind\u00edgenas de Eloxochitl\u00e1n y el intento\nde darme muerte a m\u00ed y a mi madre, hoy dormir\u00e1 en casa, como si nadie hubiera\nmuerto, como si la sangre que derram\u00f3 fuera insuficiente para nuestro sistema\nde justicia; como si la agresi\u00f3n hacia mi familia y hacia los habitantes de\nEloxochitl\u00e1n nunca hubieran existido.<\/p>\n\n\n\n<p>Hoy la justicia se doblega frente a las mentiras, frente al odio, al cacicazgo, frente a los que se creen due\u00f1os de la historia comunitaria y del silencio de las familias ind\u00edgenas que durante a\u00f1os han sido despojadas de sus tierras e incluso de su dignidad y de sus vidas.<\/p>\n\n\n\n<figure class=\"wp-block-image\"><img decoding=\"async\" width=\"651\" height=\"400\" src=\"http:\/\/www.zonaroja.com.mx\/wp-content\/uploads\/2019\/10\/Eloxochitl\u00e1n-2.jpg\" alt=\"\" class=\"wp-image-4861\" srcset=\"https:\/\/zonaroja.com.mx\/wp-content\/uploads\/2019\/10\/Eloxochitl\u00e1n-2.jpg 651w, https:\/\/zonaroja.com.mx\/wp-content\/uploads\/2019\/10\/Eloxochitl\u00e1n-2-300x184.jpg 300w, https:\/\/zonaroja.com.mx\/wp-content\/uploads\/2019\/10\/Eloxochitl\u00e1n-2-585x359.jpg 585w\" sizes=\"(max-width: 651px) 100vw, 651px\" \/><\/figure>\n\n\n\n<p>Las instituciones se enmudecen frente a\nlos gritos de justicia y castigo para quien hubiera sido el feminicida de mi\nmadre y el m\u00edo si el apoyo de mi comunidad no hubiera llegado para llevarnos al\nhospital.<\/p>\n\n\n\n<p>Muchos fueron los ataques medi\u00e1ticos\nque acompa\u00f1aron a la mentira de Miguel \u00c1ngel Peralta, es incre\u00edble ver como\nmedios de comunicaci\u00f3n de alcance nacional se prestaron a la criminalizaci\u00f3n de\nlas v\u00edctimas para descolocar de la opini\u00f3n p\u00fablica los asesinatos e intentos de\nfeminicidios cometidos por Miguel \u00c1ngel Peralta.<\/p>\n\n\n\n<p>Pregonaron que era \u201cun joven\nantrop\u00f3logo\u201d, como si una carrera universitaria limpiaran la sangre que trae y\ntraer\u00e1 siempre en sus manos.<\/p>\n\n\n\n<p>No dijeron que Miguel \u00c1ngel Peralta y\ntodos los que atacaron y mataron son los que se dicen anarquistas, los mismos\nque recibieron con flores al tirano Ulises Ruiz en pleno 2006, quienes han\nplaceado por Eloxochitl\u00e1n a personajes del PRI, los que saquearon a la\ncomunidad en el trienio de Jaime Betanzos.<\/p>\n\n\n\n<p>Hago responsable al Gobernador del Estado; a la Magistrada Presidenta del Tribunal de Justicia de Oaxaca, Mar\u00eda Eugenia Villanueva; al juez Modesto Isa\u00edas Santiago del peligro que correo mi vida y la de mi familia; poco le importamos a ellos.<\/p>\n\n\n\n<figure class=\"wp-block-image\"><img decoding=\"async\" width=\"400\" height=\"250\" src=\"http:\/\/www.zonaroja.com.mx\/wp-content\/uploads\/2019\/10\/Eloxochitl\u00e1n-1.jpg\" alt=\"\" class=\"wp-image-4862\" srcset=\"https:\/\/zonaroja.com.mx\/wp-content\/uploads\/2019\/10\/Eloxochitl\u00e1n-1.jpg 400w, https:\/\/zonaroja.com.mx\/wp-content\/uploads\/2019\/10\/Eloxochitl\u00e1n-1-300x188.jpg 300w\" sizes=\"(max-width: 400px) 100vw, 400px\" \/><\/figure>\n","protected":false},"excerpt":{"rendered":"<p>Ismael Garc\u00eda M.\/Zona Roja. Foto: Especial Oaxaca de Ju\u00e1rez, Oax., 15 de octubre de 2019.-&hellip;<\/p>\n","protected":false},"author":2,"featured_media":4863,"comment_status":"closed","ping_status":"open","sticky":false,"template":"","format":"standard","meta":{"_lmt_disableupdate":"","_lmt_disable":"","_jetpack_memberships_contains_paid_content":false,"footnotes":""},"categories":[109,51],"tags":[215,719],"class_list":["post-4858","post","type-post","status-publish","format-standard","has-post-thumbnail","hentry","category-minuto-a-minuto","category-zona-roja","tag-elisa-zepeda-lagunas","tag-eloxochitlan-de-flores-magon"],"jetpack_featured_media_url":"https:\/\/zonaroja.com.mx\/wp-content\/uploads\/2019\/10\/Elisa-Zepeda-2-1.jpg","jetpack_sharing_enabled":true,"_links":{"self":[{"href":"https:\/\/zonaroja.com.mx\/index.php?rest_route=\/wp\/v2\/posts\/4858","targetHints":{"allow":["GET"]}}],"collection":[{"href":"https:\/\/zonaroja.com.mx\/index.php?rest_route=\/wp\/v2\/posts"}],"about":[{"href":"https:\/\/zonaroja.com.mx\/index.php?rest_route=\/wp\/v2\/types\/post"}],"author":[{"embeddable":true,"href":"https:\/\/zonaroja.com.mx\/index.php?rest_route=\/wp\/v2\/users\/2"}],"replies":[{"embeddable":true,"href":"https:\/\/zonaroja.com.mx\/index.php?rest_route=%2Fwp%2Fv2%2Fcomments&post=4858"}],"version-history":[{"count":1,"href":"https:\/\/zonaroja.com.mx\/index.php?rest_route=\/wp\/v2\/posts\/4858\/revisions"}],"predecessor-version":[{"id":4864,"href":"https:\/\/zonaroja.com.mx\/index.php?rest_route=\/wp\/v2\/posts\/4858\/revisions\/4864"}],"wp:featuredmedia":[{"embeddable":true,"href":"https:\/\/zonaroja.com.mx\/index.php?rest_route=\/wp\/v2\/media\/4863"}],"wp:attachment":[{"href":"https:\/\/zonaroja.com.mx\/index.php?rest_route=%2Fwp%2Fv2%2Fmedia&parent=4858"}],"wp:term":[{"taxonomy":"category","embeddable":true,"href":"https:\/\/zonaroja.com.mx\/index.php?rest_route=%2Fwp%2Fv2%2Fcategories&post=4858"},{"taxonomy":"post_tag","embeddable":true,"href":"https:\/\/zonaroja.com.mx\/index.php?rest_route=%2Fwp%2Fv2%2Ftags&post=4858"}],"curies":[{"name":"wp","href":"https:\/\/api.w.org\/{rel}","templated":true}]}}