{"id":48590,"date":"2022-11-27T19:03:52","date_gmt":"2022-11-28T01:03:52","guid":{"rendered":"http:\/\/www.zonaroja.com.mx\/?p=48590"},"modified":"2022-11-27T19:03:54","modified_gmt":"2022-11-28T01:03:54","slug":"primos-de-los-hijos-de-amlo-figuran-en-la-nomina-del-gobierno-federal","status":"publish","type":"post","link":"https:\/\/zonaroja.com.mx\/?p=48590","title":{"rendered":"Primos de los hijos de AMLO figuran en la n\u00f3mina del Gobierno Federal"},"content":{"rendered":"\n<p>Redacci\u00f3n\/Zona Roja Cdmx.<\/p>\n\n\n\n<p>Ciudad de M\u00e9xico, a 27 de noviembre de 2022.- Andr\u00e9s Manuel L\u00f3pez Obrador lleg\u00f3 a la Presidencia de la Rep\u00fablica Mexicana abanderado bajo la premisa de que durante su administraci\u00f3n se erradicar\u00eda la corrupci\u00f3n que caracteriz\u00f3 a los gobiernos neoliberales que le antecedieron, incluyendo el influyentismo y el tr\u00e1fico de influencias.<\/p>\n\n\n\n<p>No obstante, a cuatro a\u00f1os de su llegada a la aclamada \u201cSilla del \u00c1guila\u201d, diversas investigaciones de Mexicanos Contra la Corrupci\u00f3n y la Impunidad (MCCI) han constatado que tanto familiares como amigos de los hijos del mandatario tabasque\u00f1o ocupan cargos p\u00fablicos dentro de la autodenominada Cuarta Transformaci\u00f3n.&nbsp;<\/p>\n\n\n\n<p>En esta ocasi\u00f3n, una nueva entrega de la organizaci\u00f3n civil realizada por la periodista Ver\u00f3nica Ayala se\u00f1al\u00f3 que adem\u00e1s de una docena de amigos, los hijos del presidente Andr\u00e9s Manuel L\u00f3pez Obrador tambi\u00e9n tienen en la n\u00f3mina federal a cuatro de sus primos.<\/p>\n\n\n\n<p>De acuerdo con lo expuesto por la organizaci\u00f3n civil, el 1 de marzo de 2022 un primo hermano de los hijos del presidente, identificado como Rodrigo Beltr\u00e1n Campero Calder\u00f3n, fue ascendido como director de \u00e1rea en la unidad de administraci\u00f3n y finanzas de la Secretar\u00eda de Educaci\u00f3n P\u00fablica (SEP).<\/p>\n\n\n\n<p>Antes de dicho cargo, se\u00f1alaron, el primo de los hijos del presidente trabaj\u00f3 en el Fondo de Vivienda para los Trabajadores del Estado (Fovissste) en donde primero fue asignado como enlace regional para la gerencia en Veracruz y posteriormente fue comisionado a supervisar tambi\u00e9n los programas de dicha dependencia en los estados de Guerrero y Morelos.<\/p>\n\n\n\n<p>Tras su salida de Fovissste en febrero de 2022, Rodrigo Beltr\u00e1n ingres\u00f3 a la Secretar\u00eda de Educaci\u00f3n P\u00fablica (SEP) en donde percib\u00eda un sueldo bruto de 83 mil pesos y un sueldo neto de 58 mil pesos. Pocos meses despu\u00e9s recibi\u00f3 un aumento y actualmente gana 118 mil pesos bruto y 82 mil pesos neto.&nbsp;<\/p>\n\n\n\n<p>Al igual que Rodrigo, su hermano, Fernando Beltr\u00e1n Campero Calder\u00f3n tambi\u00e9n cuenta con un cargo dentro del gobierno federal pues, de acuerdo con la investigaci\u00f3n de Ver\u00f3nica Ayala para Mexicanos Contra la Corrupci\u00f3n y la Impunidad (MCCI) el primo de los hijos de L\u00f3pez Obrador ingres\u00f3 a la delegaci\u00f3n del Instituto Mexicano del Seguro Social (IMSS) en Veracruz en diciembre de 2020 como auxiliar de soporte t\u00e9cnico en inform\u00e1tica.<\/p>\n\n\n\n<p>Ambos primos de los hijos del presidente son hijos de Fernando Beltr\u00e1n Medina, hermano de Roc\u00edo Beltr\u00e1n Medina, la primera esposa del mandatario tabasque\u00f1o.<\/p>\n\n\n\n<p>Por su parte, Thelma Beltr\u00e1n -otra prima de los hijos de Andr\u00e9s Manuel L\u00f3pez Obrador- se incorpor\u00f3 al gobierno federal en febrero de 2019 como coordinadora de giras y eventos de la Secretar\u00eda del Bienestar para posteriormente, en mayo de 2021, pasar a la direcci\u00f3n de log\u00edstica de la Secretar\u00eda de Medio Ambiente y Recursos Naturales (Semarnat).<\/p>\n\n\n\n<p>El suelo anual neto que percib\u00eda Thelma Beltr\u00e1n ascendi\u00f3 en 2021 a un mill\u00f3n 220 mil pesos, lo que equivale a m\u00e1s de 100 mil pesos al mes, se\u00f1al\u00f3 la organizaci\u00f3n civil.<\/p>\n\n\n\n<figure class=\"wp-block-embed\"><div class=\"wp-block-embed__wrapper\">\nhttps:\/\/www.infobae.com\/america\/mexico\/2022\/11\/26\/marcha-de-la-4t-conmemora-logros-mientras-que-primos-de-los-hijos-de-amlo-figuran-en-la-nomina-del-gobierno-federal\/\n<\/div><\/figure>\n","protected":false},"excerpt":{"rendered":"<p>Redacci\u00f3n\/Zona Roja Cdmx. Ciudad de M\u00e9xico, a 27 de noviembre de 2022.- Andr\u00e9s Manuel L\u00f3pez&hellip;<\/p>\n","protected":false},"author":2,"featured_media":48559,"comment_status":"closed","ping_status":"open","sticky":false,"template":"","format":"standard","meta":{"_lmt_disableupdate":"","_lmt_disable":"","_jetpack_memberships_contains_paid_content":false,"footnotes":""},"categories":[109,47],"tags":[143],"class_list":["post-48590","post","type-post","status-publish","format-standard","has-post-thumbnail","hentry","category-minuto-a-minuto","category-zona-gris","tag-andres-manuel-lopez-obrador"],"jetpack_featured_media_url":"https:\/\/zonaroja.com.mx\/wp-content\/uploads\/2022\/11\/Lopez-Obrador-e-hijos.jpeg","jetpack_sharing_enabled":true,"_links":{"self":[{"href":"https:\/\/zonaroja.com.mx\/index.php?rest_route=\/wp\/v2\/posts\/48590","targetHints":{"allow":["GET"]}}],"collection":[{"href":"https:\/\/zonaroja.com.mx\/index.php?rest_route=\/wp\/v2\/posts"}],"about":[{"href":"https:\/\/zonaroja.com.mx\/index.php?rest_route=\/wp\/v2\/types\/post"}],"author":[{"embeddable":true,"href":"https:\/\/zonaroja.com.mx\/index.php?rest_route=\/wp\/v2\/users\/2"}],"replies":[{"embeddable":true,"href":"https:\/\/zonaroja.com.mx\/index.php?rest_route=%2Fwp%2Fv2%2Fcomments&post=48590"}],"version-history":[{"count":1,"href":"https:\/\/zonaroja.com.mx\/index.php?rest_route=\/wp\/v2\/posts\/48590\/revisions"}],"predecessor-version":[{"id":48591,"href":"https:\/\/zonaroja.com.mx\/index.php?rest_route=\/wp\/v2\/posts\/48590\/revisions\/48591"}],"wp:featuredmedia":[{"embeddable":true,"href":"https:\/\/zonaroja.com.mx\/index.php?rest_route=\/wp\/v2\/media\/48559"}],"wp:attachment":[{"href":"https:\/\/zonaroja.com.mx\/index.php?rest_route=%2Fwp%2Fv2%2Fmedia&parent=48590"}],"wp:term":[{"taxonomy":"category","embeddable":true,"href":"https:\/\/zonaroja.com.mx\/index.php?rest_route=%2Fwp%2Fv2%2Fcategories&post=48590"},{"taxonomy":"post_tag","embeddable":true,"href":"https:\/\/zonaroja.com.mx\/index.php?rest_route=%2Fwp%2Fv2%2Ftags&post=48590"}],"curies":[{"name":"wp","href":"https:\/\/api.w.org\/{rel}","templated":true}]}}