{"id":48596,"date":"2022-11-27T21:44:38","date_gmt":"2022-11-28T03:44:38","guid":{"rendered":"http:\/\/www.zonaroja.com.mx\/?p=48596"},"modified":"2022-11-27T21:44:39","modified_gmt":"2022-11-28T03:44:39","slug":"mientras-alcaldesa-va-a-marcha-en-cdmx-ejecutan-a-individuo-en-tehuantepec","status":"publish","type":"post","link":"https:\/\/zonaroja.com.mx\/?p=48596","title":{"rendered":"Mientras alcaldesa va a marcha en Cdmx, ejecutan a individuo en Tehuantepec"},"content":{"rendered":"\n<p>Redacci\u00f3n\/Zona Roja.<\/p>\n\n\n\n<p>Oaxaca de Ju\u00e1rez, Oax., a 27 de noviembre de 2022.- Mientras la alcaldesa de Santo Domingo Tehuantepec, Vilma Mart\u00ednez Cort\u00e9s, participaba en la marcha morenista en la Ciudad de M\u00e9xico, en su municipio ejecutaban a un individuo.<\/p>\n\n\n\n<p>La ma\u00f1ana de este domingo, a un costado de las v\u00edas del ferrocarril y en inmediaciones del Barrio Liza, fue hallado el cuerpo de un individuo, con signos de tortura y probables impactos de bala.<\/p>\n\n\n\n<p>El hallazgo lo realizaron corporaciones policiacas, que acordonaron la zona, para que personal de la Vicefiscal\u00eda Regional del Istmo efectuara las labores correspondientes.<\/p>\n\n\n\n<p>Hasta el momento no se ha identificado al hoy occiso, que aparente entre 30 y 35 a\u00f1os de edad, quien presuntamente fue ultimado a balazos.&nbsp;<\/p>\n\n\n\n<p>Debido a que no hab\u00eda polic\u00edas municipales en la zona, no hay personas detenidas ni se tienen mayores datos del o de los agresores.<\/p>\n\n\n\n<figure class=\"wp-block-image size-large\"><a href=\"http:\/\/www.zonaroja.com.mx\/wp-content\/uploads\/2022\/11\/Vilma-Martinez-Cortes-Tehuantepec.jpg\" data-rel=\"penci-gallery-image-content\" ><img decoding=\"async\" width=\"768\" height=\"1024\" src=\"http:\/\/www.zonaroja.com.mx\/wp-content\/uploads\/2022\/11\/Vilma-Martinez-Cortes-Tehuantepec-768x1024.jpg\" alt=\"\" class=\"wp-image-48593\" srcset=\"https:\/\/zonaroja.com.mx\/wp-content\/uploads\/2022\/11\/Vilma-Martinez-Cortes-Tehuantepec-768x1025.jpg 768w, https:\/\/zonaroja.com.mx\/wp-content\/uploads\/2022\/11\/Vilma-Martinez-Cortes-Tehuantepec-225x300.jpg 225w, https:\/\/zonaroja.com.mx\/wp-content\/uploads\/2022\/11\/Vilma-Martinez-Cortes-Tehuantepec-585x780.jpg 585w, https:\/\/zonaroja.com.mx\/wp-content\/uploads\/2022\/11\/Vilma-Martinez-Cortes-Tehuantepec.jpg 1000w\" sizes=\"(max-width: 768px) 100vw, 768px\" \/><\/a><\/figure>\n","protected":false},"excerpt":{"rendered":"<p>Redacci\u00f3n\/Zona Roja. Oaxaca de Ju\u00e1rez, Oax., a 27 de noviembre de 2022.- Mientras la alcaldesa&hellip;<\/p>\n","protected":false},"author":2,"featured_media":48592,"comment_status":"closed","ping_status":"open","sticky":false,"template":"","format":"standard","meta":{"_lmt_disableupdate":"","_lmt_disable":"","_jetpack_memberships_contains_paid_content":false,"footnotes":""},"categories":[109,51],"tags":[125],"class_list":["post-48596","post","type-post","status-publish","format-standard","has-post-thumbnail","hentry","category-minuto-a-minuto","category-zona-roja","tag-santo-domingo-tehuantepec"],"jetpack_featured_media_url":"https:\/\/zonaroja.com.mx\/wp-content\/uploads\/2022\/11\/Ejecutado-Santo-Domingo-Tehuantepec.jpg","jetpack_sharing_enabled":true,"_links":{"self":[{"href":"https:\/\/zonaroja.com.mx\/index.php?rest_route=\/wp\/v2\/posts\/48596","targetHints":{"allow":["GET"]}}],"collection":[{"href":"https:\/\/zonaroja.com.mx\/index.php?rest_route=\/wp\/v2\/posts"}],"about":[{"href":"https:\/\/zonaroja.com.mx\/index.php?rest_route=\/wp\/v2\/types\/post"}],"author":[{"embeddable":true,"href":"https:\/\/zonaroja.com.mx\/index.php?rest_route=\/wp\/v2\/users\/2"}],"replies":[{"embeddable":true,"href":"https:\/\/zonaroja.com.mx\/index.php?rest_route=%2Fwp%2Fv2%2Fcomments&post=48596"}],"version-history":[{"count":1,"href":"https:\/\/zonaroja.com.mx\/index.php?rest_route=\/wp\/v2\/posts\/48596\/revisions"}],"predecessor-version":[{"id":48597,"href":"https:\/\/zonaroja.com.mx\/index.php?rest_route=\/wp\/v2\/posts\/48596\/revisions\/48597"}],"wp:featuredmedia":[{"embeddable":true,"href":"https:\/\/zonaroja.com.mx\/index.php?rest_route=\/wp\/v2\/media\/48592"}],"wp:attachment":[{"href":"https:\/\/zonaroja.com.mx\/index.php?rest_route=%2Fwp%2Fv2%2Fmedia&parent=48596"}],"wp:term":[{"taxonomy":"category","embeddable":true,"href":"https:\/\/zonaroja.com.mx\/index.php?rest_route=%2Fwp%2Fv2%2Fcategories&post=48596"},{"taxonomy":"post_tag","embeddable":true,"href":"https:\/\/zonaroja.com.mx\/index.php?rest_route=%2Fwp%2Fv2%2Ftags&post=48596"}],"curies":[{"name":"wp","href":"https:\/\/api.w.org\/{rel}","templated":true}]}}