{"id":48598,"date":"2022-11-28T07:10:53","date_gmt":"2022-11-28T13:10:53","guid":{"rendered":"http:\/\/www.zonaroja.com.mx\/?p=48598"},"modified":"2022-11-28T10:58:59","modified_gmt":"2022-11-28T16:58:59","slug":"opinion-con-una-mujer-al-frente-dejara-la-seccion-22-la-docilidad","status":"publish","type":"post","link":"https:\/\/zonaroja.com.mx\/?p=48598","title":{"rendered":"Opini\u00f3n. Con una mujer al frente, \u00bfdejar\u00e1 la Secci\u00f3n 22 la docilidad?"},"content":{"rendered":"\n<p>Ismael Garc\u00eda M.\/Zona Roja.<\/p>\n\n\n\n<p>Oaxaca de Ju\u00e1rez, Oax., a 28 de noviembre de 2022.- En la recta final del sexenio de Alejandro Murat Hinojosa, termina tambi\u00e9n el sexenio de Eloy L\u00f3pez Hern\u00e1ndez al frente de la Secci\u00f3n 22 del SNTE, gremial que mantuvo docilidad extrema en el mandato del priista.<\/p>\n\n\n\n<p>Despu\u00e9s de m\u00e1s de cuatro d\u00e9cadas de creada la Secci\u00f3n 22, adherida a la combativa Coordinadora Nacional de Trabajadores de la Educaci\u00f3n (CNTE), llega una mujer al frente, la ind\u00edgena Mixe Yenny Aracely P\u00e9rez Mart\u00ednez, docente originaria de Tamazul\u00e1pam del Esp\u00edritu Santo, egresada de la Universidad Pedag\u00f3gica Nacional y con maestr\u00eda en el Centro de Investigaciones y Estudios en Antropolog\u00eda Social.<\/p>\n\n\n\n<p>En ello fue clave la alianza, tambi\u00e9n hist\u00f3rica, de seis regiones para derrotar a los llamados \u201cPozoleros\u201d, grupo identificado con el PRI y a cuyos intereses ha servido por varios a\u00f1os. <\/p>\n\n\n\n<p>\u00bfPero con ello se recuperar\u00e1 la lucha combativa del gremio? Porque L\u00f3pez Hern\u00e1ndez estuvo absolutamente plegado a los designios gubernamentales, como no se hab\u00eda visto anta\u00f1o.<\/p>\n\n\n\n<p>Claro, evidentemente que la m\u00e1s beneficiada fue la ni\u00f1ez oaxaque\u00f1a, pues tuvo pr\u00e1cticamente ciclos lectivos completos, como nunca antes tambi\u00e9n suced\u00eda.<\/p>\n\n\n\n<p>Quiz\u00e1 por la pandemia de Covid-19, pero m\u00e1s por la abulia de su dirigencia sindical, la Secci\u00f3n 22 se mantuvo extremadamente tranquila y hasta de la lucha social, a favor del pueblo, y de sus fechas emblem\u00e1ticas se olvid\u00f3.<\/p>\n\n\n\n<p>DESEMPE\u00d1O GRIS<\/p>\n\n\n\n<p>L\u00f3pez Hern\u00e1ndez fue electo el 21 de enero de 2017, para suplir al comit\u00e9 que encabez\u00f3 Rub\u00e9n N\u00fa\u00f1ez Ginez, pero lleg\u00f3 completamente gris, sin fuerza, sin liderazgo.<\/p>\n\n\n\n<p>Como tampoco asumi\u00f3 esa lucha el secretario de Organizaci\u00f3n, Genaro Mart\u00ednez, que termin\u00f3 por ce\u00f1irse a los designios presupuestales oficiales.<\/p>\n\n\n\n<p>Acaso el secretario de Prensa, Wilbert Santiago, asumi\u00f3 el rol de opositor en el interior del comit\u00e9 ejecutivo, junto con un reducido grupo, pero fue m\u00e1s en busca de posiciones pol\u00edticas, con miras al relevo sindical, que aut\u00e9nticamente una lucha contra la corrupci\u00f3n y el probable enriquecimiento de Eloy L\u00f3pez y su camarilla.<\/p>\n\n\n\n<p>Los dem\u00e1s integrantes del comit\u00e9, s\u00f3lo estuvieron a la expectativa econ\u00f3mica para no quedarse atr\u00e1s. Jos\u00e9 Carlos L\u00f3pez Alonso, de Finanzas; en Previsi\u00f3n y Asistencia, Jorge Cajero Velasco; en Cr\u00e9ditos, Sabino Cruz S\u00e1nchez, de Tuxtepec; en Vivienda, Marcos Pe\u00f1a L\u00f3pez, de la Sierra, y en Relaciones, Natanel Lorenzo Pablo, todos m\u00e1s levantaron la voz.<\/p>\n\n\n\n<p>En este \u00faltimo a\u00f1o, ni siquiera se acordaron de su emblem\u00e1tica batalla de Todos Santos, el 1 de noviembre, o del 25 de noviembre de 2006, como anta\u00f1o suced\u00eda; en anteriores ocasiones, como el 14 de junio, las ganas de salir a las calles y de protestar para exigir justicia, se esfumaron.<\/p>\n\n\n\n<p>El nombre de Ulises Ruiz Ortiz, qued\u00f3 para el anecdotario y solamente fue coreado en algunas ocasiones por un reducido grupo de docentes, para insistir en justicia por la violencia originada el 14 de junio de 2006. Mucho menos de Jos\u00e9 Manuel Vera Salinas, hasta hoy funcionario estatal, e incluso uno de los enlaces con un ala magisterial oficialista. <\/p>\n\n\n\n<p>SINDICATO DECADENTE<\/p>\n\n\n\n<p>Pero, salvo la lucha que dieron los integrantes de la dirigencia que encabez\u00f3 Rub\u00e9n N\u00fa\u00f1ez Ginez, al rechazar la reforma educativa que promovi\u00f3 Enrique Pe\u00f1a Nieto, no se recuerda a\u00f1os atr\u00e1s una Secci\u00f3n 22 combativa.<\/p>\n\n\n\n<p>De Enrique Rueda Pacheco, quien encabezaba al magisterio cuando los hechos del 2006, sigue viviendo holgadamente en Canada; Azael Santiago Chepi es diputado local por segunda ocasi\u00f3n, pese a su apasionamiento por los fermentados, y es uno de los nuevos millonarios del magisterio. <\/p>\n\n\n\n<p>Insistimos, no es que se quiera que las y los maestros est\u00e9n todos los d\u00edas en las calles perjudicando a la sociedad, pero tampoco han defendido sus derechos.<\/p>\n\n\n\n<p>Con la excepci\u00f3n de la abrogaci\u00f3n de la reforma educativa, impulsada por Andr\u00e9s Manuel L\u00f3pez Obrador, no hay m\u00e1s triunfos. Pero \u00e9ste se dio m\u00e1s que por la lucha sindical, por complacencia del Presidente de M\u00e9xico y gratitud ante el apoyo para ganar la Presidencia.<\/p>\n\n\n\n<p>Y la puntilla: otorgarles m\u00e1s de 50 mil plazas, para no generarle protestas a su administraci\u00f3n, lo cual ha quedado demostrado vez tras vez, como en el caso de las erradas pol\u00edticas educativas desde la SEP, durante el actual sexenio, en que nadie se ha quejado.<\/p>\n\n\n\n<p>Exactamente, la dirigencia que encabez\u00f3 Eloy L\u00f3pez acompa\u00f1\u00f3 todo el sexenio de Alejandro Murat, y lo mantuvieron d\u00f3cil. <\/p>\n\n\n\n<p>Quiz\u00e1 por ello el precongreso del fin de semana reprob\u00f3 todos y cada uno de los informes de las secretar\u00edas y organismos auxiliares. <\/p>\n\n\n\n<p>Pero pese a ello, el ahora ex dirigente magisterial ser\u00e1 a partir del 1 de enero pr\u00f3ximo, presidente municipal de San Juan Teita, violando los principios rectores de la Secci\u00f3n 22.<\/p>\n\n\n\n<p>\u00bfQU\u00c9 SIGUE?<\/p>\n\n\n\n<p>Obviamente que nadie quiere un magisterio que todos los d\u00edas est\u00e9 bloqueando calles y carreteras, por exigencias pueriles.<\/p>\n\n\n\n<p>Pero anta\u00f1o se distingu\u00eda por acompa\u00f1ar las luchas del pueblo, como le llaman; hay tantas necesidades en las comunidades de Oaxaca que no tienen ahora una luz que les gu\u00ede para buscar justicia y apoyo social.&nbsp;<\/p>\n\n\n\n<p>La pobreza ancestral, la falta de servicios b\u00e1sicos, las exigencias de justicia, contin\u00faan por todos lados, sin que haya habido resultados positivos en el gobierno de Alejandro Murat.<\/p>\n\n\n\n<p>El anuncio en el actual sexenio estatal, de otorgar m\u00e1s de 50 mil plazas a la Secci\u00f3n 22 fue beneficio para amigos y familiares del anterior comit\u00e9 ejecutivo, y tampoco nadie acus\u00f3 corrupci\u00f3n.<\/p>\n\n\n\n<p>Inicia un nuevo ciclo con nueva dirigencia gremial y lo primero que desean las bases sindicales es acabar con el \u201ccharrismo\u201d; deslindarse del oficialismo; en seguida ajustar cuentas contra quienes han medrado con el sindicato magisterial; adem\u00e1s, pugnar por recuperar la democracia interna y no dejar m\u00e1s en el abandono a las comunidades oaxaque\u00f1as.<\/p>\n\n\n\n<p>\u00bfRecuperar\u00e1 Yenny Aracely P\u00e9rez Mart\u00ednez la dignidad del magisterio? O se ce\u00f1ir\u00e1 a los designios gubernamentales. \u201cLa mujer con convicci\u00f3n, no se vende con Salom\u00f3n\u201d, refiere una imagen en redes sociales, en referencia a la nueva secretaria General.&nbsp;<\/p>\n\n\n\n<p>Por lo pronto, Salom\u00f3n Jara Cruz no tiene operadores pol\u00edticos con credibilidad en el magisterio. Inicia un sexenio morenista, de un gobierno supuestamente de izquierda; inicia un cuatrienio magisterial. La moneda est\u00e1 en el aire.<\/p>\n","protected":false},"excerpt":{"rendered":"<p>Ismael Garc\u00eda M.\/Zona Roja. Oaxaca de Ju\u00e1rez, Oax., a 28 de noviembre de 2022.- En&hellip;<\/p>\n","protected":false},"author":2,"featured_media":41735,"comment_status":"closed","ping_status":"open","sticky":false,"template":"","format":"standard","meta":{"_lmt_disableupdate":"","_lmt_disable":"","_jetpack_memberships_contains_paid_content":false,"footnotes":""},"categories":[456,109,48],"tags":[1353],"class_list":["post-48598","post","type-post","status-publish","format-standard","has-post-thumbnail","hentry","category-columna","category-minuto-a-minuto","category-zona-critica","tag-opinion-zona-critica"],"jetpack_featured_media_url":"https:\/\/zonaroja.com.mx\/wp-content\/uploads\/2022\/05\/Opinion-Ismael-Garcia-M.jpg","jetpack_sharing_enabled":true,"_links":{"self":[{"href":"https:\/\/zonaroja.com.mx\/index.php?rest_route=\/wp\/v2\/posts\/48598","targetHints":{"allow":["GET"]}}],"collection":[{"href":"https:\/\/zonaroja.com.mx\/index.php?rest_route=\/wp\/v2\/posts"}],"about":[{"href":"https:\/\/zonaroja.com.mx\/index.php?rest_route=\/wp\/v2\/types\/post"}],"author":[{"embeddable":true,"href":"https:\/\/zonaroja.com.mx\/index.php?rest_route=\/wp\/v2\/users\/2"}],"replies":[{"embeddable":true,"href":"https:\/\/zonaroja.com.mx\/index.php?rest_route=%2Fwp%2Fv2%2Fcomments&post=48598"}],"version-history":[{"count":4,"href":"https:\/\/zonaroja.com.mx\/index.php?rest_route=\/wp\/v2\/posts\/48598\/revisions"}],"predecessor-version":[{"id":48618,"href":"https:\/\/zonaroja.com.mx\/index.php?rest_route=\/wp\/v2\/posts\/48598\/revisions\/48618"}],"wp:featuredmedia":[{"embeddable":true,"href":"https:\/\/zonaroja.com.mx\/index.php?rest_route=\/wp\/v2\/media\/41735"}],"wp:attachment":[{"href":"https:\/\/zonaroja.com.mx\/index.php?rest_route=%2Fwp%2Fv2%2Fmedia&parent=48598"}],"wp:term":[{"taxonomy":"category","embeddable":true,"href":"https:\/\/zonaroja.com.mx\/index.php?rest_route=%2Fwp%2Fv2%2Fcategories&post=48598"},{"taxonomy":"post_tag","embeddable":true,"href":"https:\/\/zonaroja.com.mx\/index.php?rest_route=%2Fwp%2Fv2%2Ftags&post=48598"}],"curies":[{"name":"wp","href":"https:\/\/api.w.org\/{rel}","templated":true}]}}