{"id":48602,"date":"2022-11-28T07:42:27","date_gmt":"2022-11-28T13:42:27","guid":{"rendered":"http:\/\/www.zonaroja.com.mx\/?p=48602"},"modified":"2022-11-28T07:42:28","modified_gmt":"2022-11-28T13:42:28","slug":"aseguran-que-marcharon-un-millon-200-mil-personas-en-apoyo-a-amlo","status":"publish","type":"post","link":"https:\/\/zonaroja.com.mx\/?p=48602","title":{"rendered":"Aseguran que marcharon un mill\u00f3n 200 mil personas en apoyo a AMLO"},"content":{"rendered":"\n<p>Redacci\u00f3n\/Zona Roja Cdmx.<\/p>\n\n\n\n<p>Ciudad de M\u00e9xico, a 28 de noviembre de 2022.- Este domingo 27 de noviembre se celebr\u00f3 el cuarto aniversario de la ceremonia de toma de protesta del presidente Andr\u00e9s Manuel L\u00f3pez Obrador (AMLO), motivo por el cual el mandatario nacional invit\u00f3 al pueblo que lo apoya a marchar del \u00c1ngel de la Independencia al Z\u00f3calo capitalino.<\/p>\n\n\n\n<p>La cita fue a las 09:00 horas (tiempo del centro de M\u00e9xico) en el monumento que se construy\u00f3 para conmemorar el primer centenario de la Independencia de M\u00e9xico. Despu\u00e9s, numerosos contingentes comenzaron a caminar sobre Paseo de la Reforma en direcci\u00f3n al Centro Hist\u00f3rico; sin embargo, numerosas im\u00e1genes en redes sociales indicaron que la cantidad de personas reunidas rebas\u00f3 las expectativas de muchos detractores de la llamada Cuarta Transformaci\u00f3n (4T).<\/p>\n\n\n\n<p>Horas antes de que iniciara la marcha, se manifest\u00f3 la presencia de camiones y autobuses con mantas que dec\u00edan desde d\u00f3nde ven\u00edan, es decir, veh\u00edculos llenos de simpatizantes llegaron a las inmediaciones de la colonia Ju\u00e1rez en la alcald\u00eda Cuauht\u00e9moc, donde presum\u00edan que ven\u00edan desde Veracruz o Oaxaca, acto que fue interpretado por los opositores como un acarreo de manifestantes que atravesaron M\u00e9xico por alguna promesa y\/o extorsi\u00f3n por parte del oficialismo.<\/p>\n\n\n\n<p>Por ejemplo, Sandra Cuevas, alcaldesa de la Cuauht\u00e9moc, asegur\u00f3 que la \u201cmarcha del odio, de la divisi\u00f3n, de la desigualdad, de la corrupci\u00f3n\u201d se realizar\u00e1 con el acarreo de numerosos funcionarios de diferentes niveles de gobierno y advirti\u00f3 que beneficiarios de programas sociales y locatarios de la Ciudad de M\u00e9xico tambi\u00e9n fueron obligados a apoyar la marcha.<\/p>\n\n\n\n<p>Y aunque algunas im\u00e1genes que circulan en redes sociales demuestran que hubo pase de listas y pagos a asistentes, no se tiene un registro fidedigno que pueda dimensionar la cantidad de voluntades que pudieron ser compradas para participar en la marcha en apoyo a AMLO.<\/p>\n\n\n\n<p>Asimismo, cabe destacar que tanto el presidente de la rep\u00fablica como los gobernadores de Movimiento Regeneraci\u00f3n Nacional (Morena) anunciaron con anticipaci\u00f3n la marcha; sin embargo, se recalca que este tipo de manifestaciones han sido convocadas por AMLO a\u00f1o con a\u00f1o, pues invita a una \u201cfiesta\u201d en el aniversario de su toma de protesta para celebrar el \u201ccambio de las conciencias\u201d.<\/p>\n\n\n\n<p>Junto con ello, se debe de contemplar que el actual mandatario ha convocado a numerosas manifestaciones a lo largo de su trayectoria pol\u00edtica, desde el \u00e9xodo por la democracia en la d\u00e9cada de los 90 cuando el entonces Instituto Federal electoral (IFE) presuntamente promovi\u00f3 un fraude electoral en la elecci\u00f3n de gubernatura en Tabasco.<\/p>\n\n\n\n<p>Son casi 30 a\u00f1os de experiencia en las calles de la Ciudad de M\u00e9xico, promoviendo movimientos sociales y sintiendo el pulso de la gente, por lo que la capacidad de convocatoria de L\u00f3pez Obrador ha sido un fen\u00f3meno pol\u00edtico ampliamente mencionado en medios de comunicaci\u00f3n y ha acaparado la \u00f3ptica social desde hace d\u00e9cadas.<\/p>\n\n\n\n<p>Cabe recordar que en 2006, el ahora presidente tuvo la capacidad de cerrar Paseo de la Reforma cuando, nuevamente, el IFE, supuestamente le hizo otro fraude electoral con el 0.58% de los votos en la justa que defini\u00f3 la presidencia en favor de Felipe Calder\u00f3n, el presidente que le declar\u00f3 la guerra al narco.<\/p>\n\n\n\n<p>Desde 2018, cuando AMLO llama a sus \u201cfiestas\u201d en las calles de la capital nacional, la administraci\u00f3n p\u00fablica se prepara para recibir a centenares de miles de participantes, de tal modo que se garantice una marcha segura y en paz.<\/p>\n\n\n\n<p>Claudia Sheinbaum, jefa de gobierno de la Ciudad de M\u00e9xico, report\u00f3 saldo blanco durante la manifestaci\u00f3n de este domingo y asegur\u00f3 que, de acuerdo a las estimaciones oficiales, hubo una presencia ciudadana de 1.2 millones de personas. Por lo que se espera una respuesta de la oposici\u00f3n para tratar de deslegitimar la movilizaci\u00f3n en favor de la 4T.<\/p>\n\n\n\n<p>(Informaci\u00f3n de Infobae M\u00e9xico)<\/p>\n","protected":false},"excerpt":{"rendered":"<p>Redacci\u00f3n\/Zona Roja Cdmx. Ciudad de M\u00e9xico, a 28 de noviembre de 2022.- Este domingo 27&hellip;<\/p>\n","protected":false},"author":2,"featured_media":48603,"comment_status":"closed","ping_status":"open","sticky":false,"template":"","format":"standard","meta":{"_lmt_disableupdate":"","_lmt_disable":"","_jetpack_memberships_contains_paid_content":false,"footnotes":""},"categories":[109,46],"tags":[143],"class_list":["post-48602","post","type-post","status-publish","format-standard","has-post-thumbnail","hentry","category-minuto-a-minuto","category-zona-blanca","tag-andres-manuel-lopez-obrador"],"jetpack_featured_media_url":"https:\/\/zonaroja.com.mx\/wp-content\/uploads\/2022\/11\/Marcha-Lopez-Obrador-Cdmx.webp","jetpack_sharing_enabled":true,"_links":{"self":[{"href":"https:\/\/zonaroja.com.mx\/index.php?rest_route=\/wp\/v2\/posts\/48602","targetHints":{"allow":["GET"]}}],"collection":[{"href":"https:\/\/zonaroja.com.mx\/index.php?rest_route=\/wp\/v2\/posts"}],"about":[{"href":"https:\/\/zonaroja.com.mx\/index.php?rest_route=\/wp\/v2\/types\/post"}],"author":[{"embeddable":true,"href":"https:\/\/zonaroja.com.mx\/index.php?rest_route=\/wp\/v2\/users\/2"}],"replies":[{"embeddable":true,"href":"https:\/\/zonaroja.com.mx\/index.php?rest_route=%2Fwp%2Fv2%2Fcomments&post=48602"}],"version-history":[{"count":1,"href":"https:\/\/zonaroja.com.mx\/index.php?rest_route=\/wp\/v2\/posts\/48602\/revisions"}],"predecessor-version":[{"id":48604,"href":"https:\/\/zonaroja.com.mx\/index.php?rest_route=\/wp\/v2\/posts\/48602\/revisions\/48604"}],"wp:featuredmedia":[{"embeddable":true,"href":"https:\/\/zonaroja.com.mx\/index.php?rest_route=\/wp\/v2\/media\/48603"}],"wp:attachment":[{"href":"https:\/\/zonaroja.com.mx\/index.php?rest_route=%2Fwp%2Fv2%2Fmedia&parent=48602"}],"wp:term":[{"taxonomy":"category","embeddable":true,"href":"https:\/\/zonaroja.com.mx\/index.php?rest_route=%2Fwp%2Fv2%2Fcategories&post=48602"},{"taxonomy":"post_tag","embeddable":true,"href":"https:\/\/zonaroja.com.mx\/index.php?rest_route=%2Fwp%2Fv2%2Ftags&post=48602"}],"curies":[{"name":"wp","href":"https:\/\/api.w.org\/{rel}","templated":true}]}}