{"id":48608,"date":"2022-11-28T09:22:00","date_gmt":"2022-11-28T15:22:00","guid":{"rendered":"http:\/\/www.zonaroja.com.mx\/?p=48608"},"modified":"2022-11-28T08:25:09","modified_gmt":"2022-11-28T14:25:09","slug":"aprueba-ieepco-registro-de-planillas-a-las-concejalias-de-san-antonio-de-la-cal","status":"publish","type":"post","link":"https:\/\/zonaroja.com.mx\/?p=48608","title":{"rendered":"Aprueba IEEPCO registro de planillas a las concejal\u00edas de San Antonio de la Cal"},"content":{"rendered":"\n<p>Redacci\u00f3n\/Zona Roja.<\/p>\n\n\n\n<p>Oaxaca de Ju\u00e1rez, Oax., a 28 de noviembre de 2022.- En sesi\u00f3n extraordinaria urgente, el Consejo General del Instituto Estatal Electoral y de Participaci\u00f3n Ciudadana de Oaxaca (IEEPCO), aprob\u00f3 -por unanimidad de votos- el registro de planillas a las concejal\u00edas del Ayuntamiento de San Antonio de la Cal, que electoralmente se rige por Sistemas Normativos Ind\u00edgenas. &nbsp;<\/p>\n\n\n\n<p>En este sentido, al cumplir con los requisitos establecidos y ser presentadas en tiempo y forma, el Consejo General acord\u00f3 procedente el registro de siete planillas a las concejal\u00edas del Ayuntamiento de San Antonio de la Cal, por lo que se orden\u00f3 se expidan las constancias correspondientes. &nbsp;<\/p>\n\n\n\n<p>Adem\u00e1s, se instruy\u00f3 a la Secretar\u00eda Ejecutiva notificar el cumplimiento de lo anterior al Tribunal Electoral del Estado de Oaxaca, as\u00ed como a la Sala Regional Xalapa del Tribunal Electoral del Poder Judicial de la Federaci\u00f3n, para los efectos correspondientes. &nbsp;<\/p>\n\n\n\n<p>La sesi\u00f3n de este domingo estuvo encabezada por la consejera presidenta del IEEPCO, Elizabeth S\u00e1nchez Gonz\u00e1lez; las consejeras electorales Carmelita Sibaja Ochoa, Jessica Jazibe Hern\u00e1ndez Garc\u00eda, Nayma Enr\u00edquez Estrada y Zaira Alhel\u00ed Hip\u00f3lito L\u00f3pez; los consejeros electorales, Alejandro Carrasco Sampedro y Wilfrido Lulio Almaraz Santib\u00e1\u00f1ez; as\u00ed como las representaciones de los partidos pol\u00edticos.&nbsp;<\/p>\n","protected":false},"excerpt":{"rendered":"<p>Redacci\u00f3n\/Zona Roja. Oaxaca de Ju\u00e1rez, Oax., a 28 de noviembre de 2022.- En sesi\u00f3n extraordinaria&hellip;<\/p>\n","protected":false},"author":2,"featured_media":37012,"comment_status":"closed","ping_status":"open","sticky":false,"template":"","format":"standard","meta":{"_lmt_disableupdate":"","_lmt_disable":"","_jetpack_memberships_contains_paid_content":false,"footnotes":""},"categories":[109,46],"tags":[2932],"class_list":["post-48608","post","type-post","status-publish","format-standard","has-post-thumbnail","hentry","category-minuto-a-minuto","category-zona-blanca","tag-instituto-estatal-electoral-y-de-participacion-ciudadana-de-oaxaca-ieepco"],"jetpack_featured_media_url":"https:\/\/zonaroja.com.mx\/wp-content\/uploads\/2022\/01\/IEEPCO-Instituto-Estatal-Electoral-Oaxaca.jpg","jetpack_sharing_enabled":true,"_links":{"self":[{"href":"https:\/\/zonaroja.com.mx\/index.php?rest_route=\/wp\/v2\/posts\/48608","targetHints":{"allow":["GET"]}}],"collection":[{"href":"https:\/\/zonaroja.com.mx\/index.php?rest_route=\/wp\/v2\/posts"}],"about":[{"href":"https:\/\/zonaroja.com.mx\/index.php?rest_route=\/wp\/v2\/types\/post"}],"author":[{"embeddable":true,"href":"https:\/\/zonaroja.com.mx\/index.php?rest_route=\/wp\/v2\/users\/2"}],"replies":[{"embeddable":true,"href":"https:\/\/zonaroja.com.mx\/index.php?rest_route=%2Fwp%2Fv2%2Fcomments&post=48608"}],"version-history":[{"count":1,"href":"https:\/\/zonaroja.com.mx\/index.php?rest_route=\/wp\/v2\/posts\/48608\/revisions"}],"predecessor-version":[{"id":48609,"href":"https:\/\/zonaroja.com.mx\/index.php?rest_route=\/wp\/v2\/posts\/48608\/revisions\/48609"}],"wp:featuredmedia":[{"embeddable":true,"href":"https:\/\/zonaroja.com.mx\/index.php?rest_route=\/wp\/v2\/media\/37012"}],"wp:attachment":[{"href":"https:\/\/zonaroja.com.mx\/index.php?rest_route=%2Fwp%2Fv2%2Fmedia&parent=48608"}],"wp:term":[{"taxonomy":"category","embeddable":true,"href":"https:\/\/zonaroja.com.mx\/index.php?rest_route=%2Fwp%2Fv2%2Fcategories&post=48608"},{"taxonomy":"post_tag","embeddable":true,"href":"https:\/\/zonaroja.com.mx\/index.php?rest_route=%2Fwp%2Fv2%2Ftags&post=48608"}],"curies":[{"name":"wp","href":"https:\/\/api.w.org\/{rel}","templated":true}]}}