{"id":48614,"date":"2022-11-28T09:03:44","date_gmt":"2022-11-28T15:03:44","guid":{"rendered":"http:\/\/www.zonaroja.com.mx\/?p=48614"},"modified":"2022-11-28T09:03:45","modified_gmt":"2022-11-28T15:03:45","slug":"claman-ayuda-para-menor-asesinada-en-la-ciudad-de-oaxaca","status":"publish","type":"post","link":"https:\/\/zonaroja.com.mx\/?p=48614","title":{"rendered":"Claman ayuda para menor asesinada en la ciudad de Oaxaca"},"content":{"rendered":"\n<p>Redacci\u00f3n\/Zona Roja.<\/p>\n\n\n\n<p>Oaxaca de Ju\u00e1rez, Oax., a 28 de noviembre de 2022.- Familiares y comunidad de la agencia de San Juan Chapultepec, Oaxaca de Ju\u00e1rez, clamaron ayuda para la familia de la adolescente asesinada el pasado s\u00e1bado.<\/p>\n\n\n\n<p>Fue alrededor del mediod\u00eda en que dos sujetos a bordo de una motocicleta arribaron al puesto de comida instalado a un costado de la explanada municipal y dispararon directamente en contra de \u00c9rick F. J. R., alias \u201cEl Chivo\u201d, dirigente del sindicato de transportistas Confederaci\u00f3n Joven, quien muri\u00f3 al instante; tambi\u00e9n su pareja y una menor de 14 a\u00f1os de edad.<\/p>\n\n\n\n<p>La se\u00f1ora Mar\u00eda Angelina, quien atend\u00eda el puesto de memelas, result\u00f3 asimismo lesionada con un balazo en la pierna, mientras que su peque\u00f1a Dayra Selene perdi\u00f3 la vida en el lugar.<\/p>\n\n\n\n<p>V\u00eda redes sociales demandaron apoyos para el sepelio de la adolescente, pues es una familia de escasos recursos que no cuenta con recursos econ\u00f3micos.<\/p>\n\n\n\n<p>Los habitantes de la agencia de San Juan Chapultepec tambi\u00e9n se solidarizaron y llamaron a hacer una colecta, mientras que fieles de la parroquia de Juquila tambi\u00e9n propusieron ayudar a la familia de la se\u00f1ora Mar\u00eda Angelina, que antes ya hab\u00eda sido v\u00edctima tambi\u00e9n de una agresi\u00f3n armada.<\/p>\n\n\n\n<p>Hasta el momento ni el ayuntamiento de Oaxaca de Ju\u00e1rez ni el Gobierno del Estado han respondido a la petici\u00f3n de ayuda.<\/p>\n","protected":false},"excerpt":{"rendered":"<p>Redacci\u00f3n\/Zona Roja. Oaxaca de Ju\u00e1rez, Oax., a 28 de noviembre de 2022.- Familiares y comunidad&hellip;<\/p>\n","protected":false},"author":2,"featured_media":48615,"comment_status":"closed","ping_status":"open","sticky":false,"template":"","format":"standard","meta":{"_lmt_disableupdate":"","_lmt_disable":"","_jetpack_memberships_contains_paid_content":false,"footnotes":""},"categories":[109,47],"tags":[148],"class_list":["post-48614","post","type-post","status-publish","format-standard","has-post-thumbnail","hentry","category-minuto-a-minuto","category-zona-gris","tag-oaxaca-de-juarez"],"jetpack_featured_media_url":"https:\/\/zonaroja.com.mx\/wp-content\/uploads\/2022\/11\/Dayra-Selene-San-Juan-chapultepec-Oaxacaa.jpg","jetpack_sharing_enabled":true,"_links":{"self":[{"href":"https:\/\/zonaroja.com.mx\/index.php?rest_route=\/wp\/v2\/posts\/48614","targetHints":{"allow":["GET"]}}],"collection":[{"href":"https:\/\/zonaroja.com.mx\/index.php?rest_route=\/wp\/v2\/posts"}],"about":[{"href":"https:\/\/zonaroja.com.mx\/index.php?rest_route=\/wp\/v2\/types\/post"}],"author":[{"embeddable":true,"href":"https:\/\/zonaroja.com.mx\/index.php?rest_route=\/wp\/v2\/users\/2"}],"replies":[{"embeddable":true,"href":"https:\/\/zonaroja.com.mx\/index.php?rest_route=%2Fwp%2Fv2%2Fcomments&post=48614"}],"version-history":[{"count":1,"href":"https:\/\/zonaroja.com.mx\/index.php?rest_route=\/wp\/v2\/posts\/48614\/revisions"}],"predecessor-version":[{"id":48616,"href":"https:\/\/zonaroja.com.mx\/index.php?rest_route=\/wp\/v2\/posts\/48614\/revisions\/48616"}],"wp:featuredmedia":[{"embeddable":true,"href":"https:\/\/zonaroja.com.mx\/index.php?rest_route=\/wp\/v2\/media\/48615"}],"wp:attachment":[{"href":"https:\/\/zonaroja.com.mx\/index.php?rest_route=%2Fwp%2Fv2%2Fmedia&parent=48614"}],"wp:term":[{"taxonomy":"category","embeddable":true,"href":"https:\/\/zonaroja.com.mx\/index.php?rest_route=%2Fwp%2Fv2%2Fcategories&post=48614"},{"taxonomy":"post_tag","embeddable":true,"href":"https:\/\/zonaroja.com.mx\/index.php?rest_route=%2Fwp%2Fv2%2Ftags&post=48614"}],"curies":[{"name":"wp","href":"https:\/\/api.w.org\/{rel}","templated":true}]}}