{"id":48619,"date":"2022-11-28T15:58:46","date_gmt":"2022-11-28T21:58:46","guid":{"rendered":"http:\/\/www.zonaroja.com.mx\/?p=48619"},"modified":"2022-11-28T15:58:47","modified_gmt":"2022-11-28T21:58:47","slug":"saluda-salomon-jara-a-nueva-dirigencia-de-la-seccion-22-convoca-a-dialogo","status":"publish","type":"post","link":"https:\/\/zonaroja.com.mx\/?p=48619","title":{"rendered":"Saluda Salom\u00f3n Jara a nueva dirigencia de la Secci\u00f3n 22; convoca a di\u00e1logo"},"content":{"rendered":"\n<p>Yuridiana Sosa\/Zona Roja.<\/p>\n\n\n\n<p>Oaxaca de Ju\u00e1rez, Oax., a 28 de noviembre de 2022.- A dos d\u00edas de tomar protesta como gobernador de Oaxaca y ante la renovaci\u00f3n de la dirigencia de la Secci\u00f3n 22 del SNTE, Salom\u00f3n Jara Cruz convoc\u00f3 a la gremial a abrir un di\u00e1logo de trabajo y se\u00f1al\u00f3 que no est\u00e1 a favor de decisiones unilaterales.<\/p>\n\n\n\n<p>Este domingo, el magisterio oaxaque\u00f1o agremiado al Sindicato Nacional de Trabajadores de la Educaci\u00f3n (SNTE) eligi\u00f3 a la nueva dirigencia sindical que qued\u00f3 a cargo de Yenny Aracely P\u00e9rez Mart\u00ednez como secretaria General para el periodo 2022-2026.<\/p>\n\n\n\n<p>Tras lo cual se prev\u00e9 movilizaci\u00f3n para el 1 de diciembre, d\u00eda de la toma de protesta del nuevo mandatario estatal emanado por primera vez de Morena.<\/p>\n\n\n\n<p>Este lunes, Jara Cruz se pronunci\u00f3 ante la renovaci\u00f3n sindical, a trav\u00e9s del cual convoc\u00f3 a los nuevos dirigentes de la Secci\u00f3n 22 adherida a la Coordinadora Nacional de Trabajadores de la Educaci\u00f3n (CNTE) \u201ca establecer desde un principio, las reglas de una nueva relaci\u00f3n pol\u00edtica que se cimente en el di\u00e1logo y el respeto mutuo\u201d.<\/p>\n\n\n\n<p>Para \u201cimpulsar juntos una aut\u00e9ntica colaboraci\u00f3n que se fundamente en el ejercicio transparente de la rendici\u00f3n de cuentas y combate frontal a la corrupci\u00f3n de cara a la sociedad oaxaque\u00f1a. Poniendo siempre por delante los intereses de la educaci\u00f3n de los ni\u00f1os, ni\u00f1as y j\u00f3venes oaxaque\u00f1os\u201d.<\/p>\n\n\n\n<p>As\u00ed como entre ambos realizar una agenda de prioridades educativas, en los \u00e1mbitos legal, laboral y pedag\u00f3gico, precis\u00f3.<\/p>\n\n\n\n<p>Jara Cruz se comprometi\u00f3 a construir \u201ccomo gobierno con la nueva dirigencia, acuerdos que nos beneficien a todos los actores del proceso educativo: maestros, alumnos y padres de familia\u201d y dej\u00f3 en claro que \u201cno somos ni seremos partidarios de decisiones unilaterales ni de imposiciones\u201d.<\/p>\n\n\n\n<p>El pr\u00f3ximo gobernador, surgido de Morena, apunt\u00f3 que ser\u00e1 respetuoso de los procesos internos del magisterio, por lo que \u201ccomo gobierno entrante, nunca ser\u00e1 nuestro af\u00e1n intervenir en los asuntos que son propios de su competencia\u201d, se\u00f1al\u00f3.<\/p>\n\n\n\n<p>La dirigencia saliente de la Secci\u00f3n 22 del SNTE, a cargo de Eloy Hern\u00e1ndez L\u00f3pez, fue se\u00f1alada por las bases de sentar acuerdos unilaterales con el gobierno saliente de Alejandro Murat Hinojosa y mantener al sindicato agazapado, con una inusual inactividad contra la administraci\u00f3n priista.&nbsp;<\/p>\n","protected":false},"excerpt":{"rendered":"<p>Yuridiana Sosa\/Zona Roja. Oaxaca de Ju\u00e1rez, Oax., a 28 de noviembre de 2022.- A dos&hellip;<\/p>\n","protected":false},"author":2,"featured_media":48620,"comment_status":"closed","ping_status":"open","sticky":false,"template":"","format":"standard","meta":{"_lmt_disableupdate":"","_lmt_disable":"","_jetpack_memberships_contains_paid_content":false,"footnotes":""},"categories":[109,46],"tags":[939],"class_list":["post-48619","post","type-post","status-publish","format-standard","has-post-thumbnail","hentry","category-minuto-a-minuto","category-zona-blanca","tag-salomon-jara-cruz"],"jetpack_featured_media_url":"https:\/\/zonaroja.com.mx\/wp-content\/uploads\/2022\/11\/Pronunciamiento-Salomon-Jara-Seccion-22.jpg","jetpack_sharing_enabled":true,"_links":{"self":[{"href":"https:\/\/zonaroja.com.mx\/index.php?rest_route=\/wp\/v2\/posts\/48619","targetHints":{"allow":["GET"]}}],"collection":[{"href":"https:\/\/zonaroja.com.mx\/index.php?rest_route=\/wp\/v2\/posts"}],"about":[{"href":"https:\/\/zonaroja.com.mx\/index.php?rest_route=\/wp\/v2\/types\/post"}],"author":[{"embeddable":true,"href":"https:\/\/zonaroja.com.mx\/index.php?rest_route=\/wp\/v2\/users\/2"}],"replies":[{"embeddable":true,"href":"https:\/\/zonaroja.com.mx\/index.php?rest_route=%2Fwp%2Fv2%2Fcomments&post=48619"}],"version-history":[{"count":1,"href":"https:\/\/zonaroja.com.mx\/index.php?rest_route=\/wp\/v2\/posts\/48619\/revisions"}],"predecessor-version":[{"id":48621,"href":"https:\/\/zonaroja.com.mx\/index.php?rest_route=\/wp\/v2\/posts\/48619\/revisions\/48621"}],"wp:featuredmedia":[{"embeddable":true,"href":"https:\/\/zonaroja.com.mx\/index.php?rest_route=\/wp\/v2\/media\/48620"}],"wp:attachment":[{"href":"https:\/\/zonaroja.com.mx\/index.php?rest_route=%2Fwp%2Fv2%2Fmedia&parent=48619"}],"wp:term":[{"taxonomy":"category","embeddable":true,"href":"https:\/\/zonaroja.com.mx\/index.php?rest_route=%2Fwp%2Fv2%2Fcategories&post=48619"},{"taxonomy":"post_tag","embeddable":true,"href":"https:\/\/zonaroja.com.mx\/index.php?rest_route=%2Fwp%2Fv2%2Ftags&post=48619"}],"curies":[{"name":"wp","href":"https:\/\/api.w.org\/{rel}","templated":true}]}}