{"id":48628,"date":"2022-11-28T20:06:10","date_gmt":"2022-11-29T02:06:10","guid":{"rendered":"http:\/\/www.zonaroja.com.mx\/?p=48628"},"modified":"2022-11-28T20:06:12","modified_gmt":"2022-11-29T02:06:12","slug":"en-oaxaca-cierre-caotico-de-sexenio-como-inicio-con-protestas","status":"publish","type":"post","link":"https:\/\/zonaroja.com.mx\/?p=48628","title":{"rendered":"En Oaxaca cierre ca\u00f3tico de sexenio como inici\u00f3, con protestas"},"content":{"rendered":"\n<p>Yuridiana Sosa\/Zona Roja.<\/p>\n\n\n\n<p>Oaxaca de Ju\u00e1rez, Oax., 28 de noviembre de 2022.- M\u00faltiples manifestaciones se registraron este inicio de semana, a dos d\u00edas de concluir el sexenio de Alejandro Murat, como actos desesperados de la poblaci\u00f3n y organizaciones para denunciar el incumplimiento a diferentes demandas,<\/p>\n\n\n\n<p>Militantes de la organizaci\u00f3n Frente Popular Revolucionario (FPR) activaron protestas y bloqueos en la regi\u00f3n Mixteca y en Valles Centrales, para demandar agilidad y justicia en el caso del homicidio de su dirigente Tom\u00e1s Mart\u00ednez, ocurrido en agosto de 2020.<\/p>\n\n\n\n<p>Los inconformes se manifestaron en Ciudad Judicial, en Reyes Mantec\u00f3n de San Bartolo Coyotepec e instalaron un bloqueo en la supercarretera Oaxaca-Cuacnopalan, a la altura del municipio de Asunci\u00f3n Nochixtl\u00e1n.<\/p>\n\n\n\n<p>Mientras que en la regi\u00f3n de la Costa, transportista de Pinotepa Nacional bloquearon la carretera federal 200 en el punto conocido como \u201cEl Ret\u00e9n\u201d, para denunciar las omisiones de la Secretar\u00eda General de Gobierno que dirige, a\u00fan, Francisco Garc\u00eda y de la Secretar\u00eda de Seguridad P\u00fablica para aplicar un operativo contra el transporte pirata, pese a que el mandatario estatal dio la orden.<\/p>\n\n\n\n<p>Por esa protesta se registr\u00f3 una intensa afectaci\u00f3n vial en la zona, causando que diversos transportistas tambi\u00e9n quedaran varados. La movilizaci\u00f3n se desactiv\u00f3 una vez que el Poder Judicial de Oaxaca determin\u00f3 emitir una sentencia en contra del autor material del homicidio.<\/p>\n\n\n\n<figure class=\"wp-block-embed is-type-rich is-provider-twitter wp-block-embed-twitter\"><div class=\"wp-block-embed__wrapper\">\n<div class=\"twitter-tweet\"><blockquote class=\"twitter-tweet\" data-lang=\"es\"><p lang=\"es\" dir=\"ltr\"><a href=\"https:\/\/twitter.com\/hashtag\/%C3%9AltimoMinuto?src=hash&amp;ref_src=twsrc%5Etfw\">#\u00daltimoMinuto<\/a><br>A dos d\u00edas que termine el sexenio de <a href=\"https:\/\/twitter.com\/alejandromurat?ref_src=twsrc%5Etfw\">@alejandromurat<\/a>, las protestas se incrementan. <br>Una organizaci\u00f3n social cierra accesos al Palacio de Gobierno y a la Junta Local de Conciliaci\u00f3n, en la capital. <br>En Pinotepa Nacional, transportistas realizan un bloqueo carretero. <a href=\"https:\/\/t.co\/sK6qm5NgwT\">pic.twitter.com\/sK6qm5NgwT<\/a><\/p>&mdash; Zona Roja Oaxaca (@ZonaRoja_Oaxaca) <a href=\"https:\/\/twitter.com\/ZonaRoja_Oaxaca\/status\/1597246759365120001?ref_src=twsrc%5Etfw\">28 de noviembre de 2022<\/a><\/blockquote><\/div>\n<\/div><\/figure>\n\n\n\n<p>M\u00c1S PROTESTAS<\/p>\n\n\n\n<p>A la puerta del Palacio de Gobierno, en la capital oaxaque\u00f1a, tambi\u00e9n se registr\u00f3 la presencia de manifestantes.<\/p>\n\n\n\n<p>Desde primera hora, integrantes de la organizaci\u00f3n Frente \u00danico de Defensa Ind\u00edgena (FUDI) de Mat\u00edas Romero \u201ctomaron\u201d el acceso lateral de la calle de Bustamante y otro grupo se apoder\u00f3 de las instalaciones de la Junta Local de Conciliaci\u00f3n y Arbitraje, en bulevar Eduardo Vasconcelos.<\/p>\n\n\n\n<p>Aunque no presentaron los motivos de la movilizaci\u00f3n, dejaron claro que bajo este mecanismo de exigencia el gobierno estatal atendi\u00f3 a los diversos grupos.<\/p>\n\n\n\n<p>En tanto, en la zona norte de la capital, en la colonia Reforma, persiste hasta los \u00faltimos d\u00edas la \u201ctoma\u201d de las oficinas administrativas de la Secretar\u00eda de Salud de Oaxaca por parte del Sindicato Federal Democr\u00e1tico de Salud, que desde octubre iniciaron para exigir la recontrataci\u00f3n de personal.<\/p>\n\n\n\n<p>Por otra parte, y en consecuencia a la falta de actuaci\u00f3n del gobierno a la resoluci\u00f3n de la crisis de basura en la capital y municipios de Valles Centrales, vecinos de diferentes asentamientos se manifestaron.<\/p>\n\n\n\n<p>Habitantes de la agencia de Candiani bloquearon por al menos dos horas la avenida S\u00edmbolos Patrios, para exigir al municipio de Oaxaca de Ju\u00e1rez retire los montones de basura que se han registrado en la zona por la falta de dicho servicio.<\/p>\n\n\n\n<p>Mientras que vecinos del municipio de Santa Cruz Xoxocotl\u00e1n tiraron basura en S\u00edmbolos Patrios en protesta contra la autoridad municipal, a cargo de Inocente Castellanos, ante la suspensi\u00f3n de la recolecci\u00f3n desde hace varios d\u00edas.\u00a0<\/p>\n\n\n\n<figure class=\"wp-block-embed is-type-rich is-provider-twitter wp-block-embed-twitter\"><div class=\"wp-block-embed__wrapper\">\n<div class=\"twitter-tweet\"><blockquote class=\"twitter-tweet\" data-lang=\"es\"><p lang=\"es\" dir=\"ltr\"><a href=\"https:\/\/twitter.com\/hashtag\/%C3%9AltimoMinuto?src=hash&amp;ref_src=twsrc%5Etfw\">#\u00daltimoMinuto<\/a><br>Militantes del <a href=\"https:\/\/twitter.com\/FPR_OAXACA?ref_src=twsrc%5Etfw\">@FPR_OAXACA<\/a> protestan en oficinas del <a href=\"https:\/\/twitter.com\/GobOax?ref_src=twsrc%5Etfw\">@GobOax<\/a> en Ciudad Judicial, Reyes Mantec\u00f3n, Coyotepec, y bloquean supercarretera Oaxaca-Cuacnopala,a la altura de Asunci\u00f3n Nochixtl\u00e1n, para exigir al Poder Judicial agilice proceso por el crimen de Tom\u00e1s Mart\u00ednez. <a href=\"https:\/\/t.co\/fMPW3IqgAp\">pic.twitter.com\/fMPW3IqgAp<\/a><\/p>&mdash; Zona Roja Oaxaca (@ZonaRoja_Oaxaca) <a href=\"https:\/\/twitter.com\/ZonaRoja_Oaxaca\/status\/1597285179760181248?ref_src=twsrc%5Etfw\">28 de noviembre de 2022<\/a><\/blockquote><\/div>\n<\/div><\/figure>\n","protected":false},"excerpt":{"rendered":"<p>Yuridiana Sosa\/Zona Roja. Oaxaca de Ju\u00e1rez, Oax., 28 de noviembre de 2022.- M\u00faltiples manifestaciones se&hellip;<\/p>\n","protected":false},"author":2,"featured_media":48623,"comment_status":"closed","ping_status":"open","sticky":false,"template":"","format":"standard","meta":{"_lmt_disableupdate":"","_lmt_disable":"","_jetpack_memberships_contains_paid_content":false,"footnotes":""},"categories":[109,47],"tags":[2264],"class_list":["post-48628","post","type-post","status-publish","format-standard","has-post-thumbnail","hentry","category-minuto-a-minuto","category-zona-gris","tag-bloqueos-y-protestas-oaxaca"],"jetpack_featured_media_url":"https:\/\/zonaroja.com.mx\/wp-content\/uploads\/2022\/11\/Protesta-FUDI-Palacio.jpg","jetpack_sharing_enabled":true,"_links":{"self":[{"href":"https:\/\/zonaroja.com.mx\/index.php?rest_route=\/wp\/v2\/posts\/48628","targetHints":{"allow":["GET"]}}],"collection":[{"href":"https:\/\/zonaroja.com.mx\/index.php?rest_route=\/wp\/v2\/posts"}],"about":[{"href":"https:\/\/zonaroja.com.mx\/index.php?rest_route=\/wp\/v2\/types\/post"}],"author":[{"embeddable":true,"href":"https:\/\/zonaroja.com.mx\/index.php?rest_route=\/wp\/v2\/users\/2"}],"replies":[{"embeddable":true,"href":"https:\/\/zonaroja.com.mx\/index.php?rest_route=%2Fwp%2Fv2%2Fcomments&post=48628"}],"version-history":[{"count":1,"href":"https:\/\/zonaroja.com.mx\/index.php?rest_route=\/wp\/v2\/posts\/48628\/revisions"}],"predecessor-version":[{"id":48629,"href":"https:\/\/zonaroja.com.mx\/index.php?rest_route=\/wp\/v2\/posts\/48628\/revisions\/48629"}],"wp:featuredmedia":[{"embeddable":true,"href":"https:\/\/zonaroja.com.mx\/index.php?rest_route=\/wp\/v2\/media\/48623"}],"wp:attachment":[{"href":"https:\/\/zonaroja.com.mx\/index.php?rest_route=%2Fwp%2Fv2%2Fmedia&parent=48628"}],"wp:term":[{"taxonomy":"category","embeddable":true,"href":"https:\/\/zonaroja.com.mx\/index.php?rest_route=%2Fwp%2Fv2%2Fcategories&post=48628"},{"taxonomy":"post_tag","embeddable":true,"href":"https:\/\/zonaroja.com.mx\/index.php?rest_route=%2Fwp%2Fv2%2Ftags&post=48628"}],"curies":[{"name":"wp","href":"https:\/\/api.w.org\/{rel}","templated":true}]}}