{"id":48630,"date":"2022-11-28T21:13:37","date_gmt":"2022-11-29T03:13:37","guid":{"rendered":"http:\/\/www.zonaroja.com.mx\/?p=48630"},"modified":"2022-11-28T21:13:38","modified_gmt":"2022-11-29T03:13:38","slug":"que-renuncie-tambien-a-la-diputacion-le-dice-el-pri-a-hija-de-eviel","status":"publish","type":"post","link":"https:\/\/zonaroja.com.mx\/?p=48630","title":{"rendered":"Que renuncie tambi\u00e9n a la diputaci\u00f3n, le dice el PRI a hija de Eviel"},"content":{"rendered":"\n<p>Ismael Garc\u00eda M.\/Zona Roja.<\/p>\n\n\n\n<p>Oaxaca de Ju\u00e1rez, Oax., a 28 de noviembre de 2022.- Adem\u00e1s de renunciar al PRI, Gabriela P\u00e9rez L\u00f3pez, hija del ex dirigente estatal de ese partido Evel P\u00e9rez Maga\u00f1a, deber\u00eda \u201cpor congruencia\u201d dejar tambi\u00e9n la diputaci\u00f3n que le dio el priismo.<\/p>\n\n\n\n<p>Ello lo estableci\u00f3 el presidente del comit\u00e9 directivo del Revolucionario Institucional, Javier Villaca\u00f1a Jim\u00e9nez, al lamentar la actitud de la joven, que apenas ten\u00eda poco m\u00e1s de un a\u00f1o en el cargo.<\/p>\n\n\n\n<p>\u201cEste hecho al parecer no fue valorado plenamente por la licenciada Gabriela P\u00e9rez L\u00f3pez, quien en su determinaci\u00f3n de renunciar a su militancia no tom\u00f3 en cuenta que la diputaci\u00f3n plurinominal se da con base al voto que existe a favor del PRI y no de forma personal\u201d, expuso en un comunicado.<\/p>\n\n\n\n<p>\u201cEn el seno de la dirigencia nacional y estatal del PRI, quienes formamos parte del PRI, creemos que, en un acto de congruencia personal, la diputada Gabriela P\u00e9rez deber\u00eda renunciar tambi\u00e9n al cargo legislativo que le fue otorgado por el Partido Revolucionario Institucional y dejar que esa responsabilidad la asuma una prista de convicci\u00f3n, como lo es su suplente\u201d, agreg\u00f3.<\/p>\n\n\n\n<p>Villaca\u00f1a Jim\u00e9nez puntualiz\u00f3 en su comunicado, sin sello oficial ni firma, que en el PRI \u201csabemos que todas y todos son importantes, pero nadie es indispensable\u201d.&nbsp;<\/p>\n\n\n\n<p>Y es que la joven, sin tener carrera pol\u00edtica y m\u00e1s por pago a los favores pol\u00edticos hacia su padre, obtuvo una diputaci\u00f3n local por el PRI y se desempe\u00f1a como en la 65 Legislatura, sin presentar iniciativas ni tomar la palabra para exponer o debatir.<\/p>\n\n\n\n<p>\u201cHe tomado esta decisi\u00f3n consciente de mi compromiso primigenio con Oaxaca y con las y los oaxaque\u00f1os, por ello me voy agradecida con la militancia, con la dirigencia estatal, con los liderazgos y miembros de diferentes expresiones\u201d, escribi\u00f3 Gabriela P\u00e9rez en su renuncia.<\/p>\n\n\n\n<p>Su padre, Eviel P\u00e9rez Maga\u00f1a, se ha distinguido por ser uno de los amigos, y favorecidos, de Ulises Ruiz Ortiz; fue secretario de Desarrollo Social con el sexenio de Enrique Pe\u00f1a Nieto.<\/p>\n\n\n\n<figure class=\"wp-block-embed is-type-rich is-provider-twitter wp-block-embed-twitter\"><div class=\"wp-block-embed__wrapper\">\n<div class=\"twitter-tweet\"><blockquote class=\"twitter-tweet\" data-lang=\"es\"><p lang=\"es\" dir=\"ltr\">Responde el <a href=\"https:\/\/twitter.com\/PRIOaxaca_?ref_src=twsrc%5Etfw\">@PRIOaxaca_<\/a> que preside <a href=\"https:\/\/twitter.com\/JavierVillacana?ref_src=twsrc%5Etfw\">@JavierVillacana<\/a> a dimisi\u00f3n de <a href=\"https:\/\/twitter.com\/SoyGabyPerezMx?ref_src=twsrc%5Etfw\">@SoyGabyPerezMx<\/a>:<br>Que en congruencia, devuelva la diputaci\u00f3n, que fue otorgado al partido, no de forma personal.<br>Ten\u00eda apenas poco m\u00e1s de un a\u00f1o de militancia. <br>\u201cNadie es indispensable\u201d, le dice en un comunicado. <a href=\"https:\/\/t.co\/iNz1REsn3W\">pic.twitter.com\/iNz1REsn3W<\/a><\/p>&mdash; Zona Roja Oaxaca (@ZonaRoja_Oaxaca) <a href=\"https:\/\/twitter.com\/ZonaRoja_Oaxaca\/status\/1597329551041830912?ref_src=twsrc%5Etfw\">28 de noviembre de 2022<\/a><\/blockquote><\/div>\n<\/div><\/figure>\n","protected":false},"excerpt":{"rendered":"<p>Ismael Garc\u00eda M.\/Zona Roja. Oaxaca de Ju\u00e1rez, Oax., a 28 de noviembre de 2022.- Adem\u00e1s&hellip;<\/p>\n","protected":false},"author":2,"featured_media":48631,"comment_status":"closed","ping_status":"open","sticky":false,"template":"","format":"standard","meta":{"_lmt_disableupdate":"","_lmt_disable":"","_jetpack_memberships_contains_paid_content":false,"footnotes":""},"categories":[109,47],"tags":[3330],"class_list":["post-48630","post","type-post","status-publish","format-standard","has-post-thumbnail","hentry","category-minuto-a-minuto","category-zona-gris","tag-gabriela-perez-lopez"],"jetpack_featured_media_url":"https:\/\/zonaroja.com.mx\/wp-content\/uploads\/2022\/11\/Gabriela-Perez-Villacana-PRI-Eviel.jpg","jetpack_sharing_enabled":true,"_links":{"self":[{"href":"https:\/\/zonaroja.com.mx\/index.php?rest_route=\/wp\/v2\/posts\/48630","targetHints":{"allow":["GET"]}}],"collection":[{"href":"https:\/\/zonaroja.com.mx\/index.php?rest_route=\/wp\/v2\/posts"}],"about":[{"href":"https:\/\/zonaroja.com.mx\/index.php?rest_route=\/wp\/v2\/types\/post"}],"author":[{"embeddable":true,"href":"https:\/\/zonaroja.com.mx\/index.php?rest_route=\/wp\/v2\/users\/2"}],"replies":[{"embeddable":true,"href":"https:\/\/zonaroja.com.mx\/index.php?rest_route=%2Fwp%2Fv2%2Fcomments&post=48630"}],"version-history":[{"count":1,"href":"https:\/\/zonaroja.com.mx\/index.php?rest_route=\/wp\/v2\/posts\/48630\/revisions"}],"predecessor-version":[{"id":48632,"href":"https:\/\/zonaroja.com.mx\/index.php?rest_route=\/wp\/v2\/posts\/48630\/revisions\/48632"}],"wp:featuredmedia":[{"embeddable":true,"href":"https:\/\/zonaroja.com.mx\/index.php?rest_route=\/wp\/v2\/media\/48631"}],"wp:attachment":[{"href":"https:\/\/zonaroja.com.mx\/index.php?rest_route=%2Fwp%2Fv2%2Fmedia&parent=48630"}],"wp:term":[{"taxonomy":"category","embeddable":true,"href":"https:\/\/zonaroja.com.mx\/index.php?rest_route=%2Fwp%2Fv2%2Fcategories&post=48630"},{"taxonomy":"post_tag","embeddable":true,"href":"https:\/\/zonaroja.com.mx\/index.php?rest_route=%2Fwp%2Fv2%2Ftags&post=48630"}],"curies":[{"name":"wp","href":"https:\/\/api.w.org\/{rel}","templated":true}]}}