{"id":48644,"date":"2022-11-29T07:04:00","date_gmt":"2022-11-29T13:04:00","guid":{"rendered":"http:\/\/www.zonaroja.com.mx\/?p=48644"},"modified":"2022-11-29T07:34:11","modified_gmt":"2022-11-29T13:34:11","slug":"concluye-congreso-internacional-organizado-por-el-poder-judicial-y-el-indepac","status":"publish","type":"post","link":"https:\/\/zonaroja.com.mx\/?p=48644","title":{"rendered":"Concluye Congreso Internacional organizado por el Poder Judicial y el Indepac"},"content":{"rendered":"\n<p>Redacci\u00f3n\/Zona Roja.<\/p>\n\n\n\n<p>Oaxaca de Ju\u00e1rez, Oax., a 29 de noviembre de 2022.- El titular del Poder Judicial del Estado, magistrado Eduardo Pinacho S\u00e1nchez, afirm\u00f3 que&nbsp;el&nbsp;juez&nbsp;de nuestro tiempo debe disponer de la capacidad, cultura jur\u00eddica y del potencial profesional que le permita enfrentar los desaf\u00edos de nuevos paradigmas derivados de las m\u00e1s avanzadas formas de pensamiento que se expresan en las \u00faltimas reformas constitucionales.&nbsp;<\/p>\n\n\n\n<p>Durante su participaci\u00f3n, en el&nbsp;Congreso Internacional del Instituto Nacional de Estudios Superiores en Derecho Penal (Indepac),&nbsp;25 a\u00f1os,&nbsp;del que Oaxaca fue sede,&nbsp;resalt\u00f3 que \u201cnecesitamos de una generaci\u00f3n de buenos juzgadores,&nbsp;pero,&nbsp;sobre todo, de juzgadores buenos, con una personalidad dotada de sensibilidad y humanismo, con perspectiva moral y principios inquebrantables, que redimensionen la funci\u00f3n jurisdiccional\u201d.<\/p>\n\n\n\n<p>Indic\u00f3&nbsp;que con&nbsp;ese prop\u00f3sito de formaci\u00f3n y especializaci\u00f3n de&nbsp;las y los&nbsp;juzgadores, como una de las l\u00edneas maestras para la eficiencia y eficacia del derecho de acceso a la justicia, en el Poder Judicial de Oaxaca&nbsp;se ha construido&nbsp;una red de v\u00ednculos con las m\u00e1s importantes instituciones acad\u00e9micas de nuestro pa\u00eds y del extranjero.&nbsp;<\/p>\n\n\n\n<p>Entre ellas, mencion\u00f3&nbsp;el Instituto de Investigaciones Jur\u00eddicas de la UNAM, la Escuela Libre de Derecho, el Instituto Iberamericano de Derecho Constitucional, la Universidad de Perugia, Italia, y pr\u00f3ximamente con la Universidad de Girona, Espa\u00f1a, entre otros, y con el instituto Nacional de Estudios Superiores en Derecho Penal, para lo cual fue decisiva la invaluable disposici\u00f3n del&nbsp;rector de la instituci\u00f3n,&nbsp;maestro Alfredo Delgadillo Aguirre.&nbsp;<\/p>\n\n\n\n<p>Durante el Congreso Internacional, que fue clausurado ante la presencia del ministro&nbsp;Suprema Corte de Justicia de la Naci\u00f3n (SCJN),&nbsp;Jorge Mario Pardo Rebolledo, el&nbsp;doctor&nbsp;Alberto Binder, de origen argentino,&nbsp;recibi\u00f3 por&nbsp;parte del Consejo Acad\u00e9mico del Indepac&nbsp;la \u00abImposici\u00f3n Doctorado Honoris Causa\u00bb, por su honorabilidad y profundo conocimiento de la ciencia jur\u00eddica.<\/p>\n\n\n\n<p>Asistieron magistradas, magistrados del Tribunal Superior de Justicia del Estado, del Tribunal de Justicia Administrativa del Estado de Oaxaca y del Tribunal Estatal Electoral, consejera, consejeros de la Judicatura, Doctores en Derecho Penal y alumnos de la maestr\u00eda en Derecho Judicial que se imparte con la Universidad de Perugia.<\/p>\n","protected":false},"excerpt":{"rendered":"<p>Redacci\u00f3n\/Zona Roja. Oaxaca de Ju\u00e1rez, Oax., a 29 de noviembre de 2022.- El titular del&hellip;<\/p>\n","protected":false},"author":2,"featured_media":48636,"comment_status":"closed","ping_status":"open","sticky":false,"template":"","format":"standard","meta":{"_lmt_disableupdate":"","_lmt_disable":"","_jetpack_memberships_contains_paid_content":false,"footnotes":""},"categories":[109,46],"tags":[223],"class_list":["post-48644","post","type-post","status-publish","format-standard","has-post-thumbnail","hentry","category-minuto-a-minuto","category-zona-blanca","tag-poder-judicial-de-oaxaca"],"jetpack_featured_media_url":"https:\/\/zonaroja.com.mx\/wp-content\/uploads\/2022\/11\/Fortalece-PJEO-alianzas-academicas.jpg","jetpack_sharing_enabled":true,"_links":{"self":[{"href":"https:\/\/zonaroja.com.mx\/index.php?rest_route=\/wp\/v2\/posts\/48644","targetHints":{"allow":["GET"]}}],"collection":[{"href":"https:\/\/zonaroja.com.mx\/index.php?rest_route=\/wp\/v2\/posts"}],"about":[{"href":"https:\/\/zonaroja.com.mx\/index.php?rest_route=\/wp\/v2\/types\/post"}],"author":[{"embeddable":true,"href":"https:\/\/zonaroja.com.mx\/index.php?rest_route=\/wp\/v2\/users\/2"}],"replies":[{"embeddable":true,"href":"https:\/\/zonaroja.com.mx\/index.php?rest_route=%2Fwp%2Fv2%2Fcomments&post=48644"}],"version-history":[{"count":1,"href":"https:\/\/zonaroja.com.mx\/index.php?rest_route=\/wp\/v2\/posts\/48644\/revisions"}],"predecessor-version":[{"id":48645,"href":"https:\/\/zonaroja.com.mx\/index.php?rest_route=\/wp\/v2\/posts\/48644\/revisions\/48645"}],"wp:featuredmedia":[{"embeddable":true,"href":"https:\/\/zonaroja.com.mx\/index.php?rest_route=\/wp\/v2\/media\/48636"}],"wp:attachment":[{"href":"https:\/\/zonaroja.com.mx\/index.php?rest_route=%2Fwp%2Fv2%2Fmedia&parent=48644"}],"wp:term":[{"taxonomy":"category","embeddable":true,"href":"https:\/\/zonaroja.com.mx\/index.php?rest_route=%2Fwp%2Fv2%2Fcategories&post=48644"},{"taxonomy":"post_tag","embeddable":true,"href":"https:\/\/zonaroja.com.mx\/index.php?rest_route=%2Fwp%2Fv2%2Ftags&post=48644"}],"curies":[{"name":"wp","href":"https:\/\/api.w.org\/{rel}","templated":true}]}}