{"id":48646,"date":"2022-11-29T07:23:58","date_gmt":"2022-11-29T13:23:58","guid":{"rendered":"http:\/\/www.zonaroja.com.mx\/?p=48646"},"modified":"2022-11-29T07:24:00","modified_gmt":"2022-11-29T13:24:00","slug":"cierra-sexenio-en-oaxaca-con-mas-crimenes-tres-asesinados","status":"publish","type":"post","link":"https:\/\/zonaroja.com.mx\/?p=48646","title":{"rendered":"Cierra sexenio en Oaxaca con m\u00e1s cr\u00edmenes; tres asesinados"},"content":{"rendered":"\n<p>Ismael Garc\u00eda M.\/Zona Roja.<\/p>\n\n\n\n<p>Oaxaca de Ju\u00e1rez, Oax., a 29 de noviembre de 2022.- A poco m\u00e1s de 48 horas del relevo en el gobierno de Oaxaca, el sexenio cierra con m\u00e1s cr\u00edmenes.<\/p>\n\n\n\n<p>Ayer lunes se registraron por lo menos tres asesinatos, en las regiones Costa, Istmo de Tehuantepec y Ca\u00f1ada.<\/p>\n\n\n\n<p>Anoche, alrededor de las 20:30 horas fue ejecutada a balazos una persona en una gasoliner\u00eda de la colonia Loma Cruz, de San Pedro Pochutla, gobernado por la morenista Saymi Pineda, pr\u00f3xima funcionaria estatal.<\/p>\n\n\n\n<p>Param\u00e9dicos arribaron al lugar para brindar la atenci\u00f3n necesaria, pero corroboraron que ya no contaba con signos vitales; la v\u00edctima fue identificada como Sadoc A. L., originario de la comunidad de Xonene, Pochutla.<\/p>\n\n\n\n<p>EN SALINA CRUZ<\/p>\n\n\n\n<p>En Salina Cruz, la tarde de ayer fue localizado un cuerpo sin vida de una persona del sexo masculino, a un costado de la carretera federal 200, Salina Cruz-Pinotepa Nacional, a la altura de la colonia La Hacienda-<\/p>\n\n\n\n<p>La v\u00edctima a\u00fan no ha sido identificada y presenta varios impactos de arma de fuego en el cuerpo. El municipio es gobernado por Daniel M\u00e9ndez Sosa, tambi\u00e9n del Partido Morena.<\/p>\n\n\n\n<p>EN CHAPULAPA<\/p>\n\n\n\n<p>Mientras tanto, la autoridad municipal de San Francisco Chapulapa, municipio de la regi\u00f3n Ca\u00f1ada, confirm\u00f3 el asesinato de un individuo, en la comunidad de San Marcos El Ocotal.<\/p>\n\n\n\n<p>La v\u00edctima fue identificada como Primitivo Q. V., de 31 a\u00f1os de edad, quien fue baleado por sujetos desconocidos en su domicilio; fue trasladado a un hospital de San Juan Bautista Cuicatl\u00e1n, donde perdi\u00f3 la vida ayer.<\/p>\n\n\n\n<p>Mientras tanto, autoridades ministeriales identificaron a la persona ejecutada el pasado domingo a un costado de la v\u00eda del ferrocarril, a la altura del barrio Liza, en Santo Domingo Tehuantepec.<\/p>\n\n\n\n<p>Se trata de Francisco B. M., que ten\u00eda su domicilio en la colonia C\u00e9sar Lint\u00f3n del municipio de Salina Cruz; presenta varios disparos de arma de fuego en el cuerpo y a\u00fan se desconoce qui\u00e9n o qui\u00e9nes lo asesinaron.<\/p>\n","protected":false},"excerpt":{"rendered":"<p>Ismael Garc\u00eda M.\/Zona Roja. Oaxaca de Ju\u00e1rez, Oax., a 29 de noviembre de 2022.- A&hellip;<\/p>\n","protected":false},"author":2,"featured_media":48642,"comment_status":"closed","ping_status":"open","sticky":false,"template":"","format":"standard","meta":{"_lmt_disableupdate":"","_lmt_disable":"","_jetpack_memberships_contains_paid_content":false,"footnotes":""},"categories":[109,51],"tags":[168,151],"class_list":["post-48646","post","type-post","status-publish","format-standard","has-post-thumbnail","hentry","category-minuto-a-minuto","category-zona-roja","tag-salina-cruz","tag-san-pedro-pochutla"],"jetpack_featured_media_url":"https:\/\/zonaroja.com.mx\/wp-content\/uploads\/2022\/11\/Asesinado-Salina-Cruz.jpeg","jetpack_sharing_enabled":true,"_links":{"self":[{"href":"https:\/\/zonaroja.com.mx\/index.php?rest_route=\/wp\/v2\/posts\/48646","targetHints":{"allow":["GET"]}}],"collection":[{"href":"https:\/\/zonaroja.com.mx\/index.php?rest_route=\/wp\/v2\/posts"}],"about":[{"href":"https:\/\/zonaroja.com.mx\/index.php?rest_route=\/wp\/v2\/types\/post"}],"author":[{"embeddable":true,"href":"https:\/\/zonaroja.com.mx\/index.php?rest_route=\/wp\/v2\/users\/2"}],"replies":[{"embeddable":true,"href":"https:\/\/zonaroja.com.mx\/index.php?rest_route=%2Fwp%2Fv2%2Fcomments&post=48646"}],"version-history":[{"count":1,"href":"https:\/\/zonaroja.com.mx\/index.php?rest_route=\/wp\/v2\/posts\/48646\/revisions"}],"predecessor-version":[{"id":48647,"href":"https:\/\/zonaroja.com.mx\/index.php?rest_route=\/wp\/v2\/posts\/48646\/revisions\/48647"}],"wp:featuredmedia":[{"embeddable":true,"href":"https:\/\/zonaroja.com.mx\/index.php?rest_route=\/wp\/v2\/media\/48642"}],"wp:attachment":[{"href":"https:\/\/zonaroja.com.mx\/index.php?rest_route=%2Fwp%2Fv2%2Fmedia&parent=48646"}],"wp:term":[{"taxonomy":"category","embeddable":true,"href":"https:\/\/zonaroja.com.mx\/index.php?rest_route=%2Fwp%2Fv2%2Fcategories&post=48646"},{"taxonomy":"post_tag","embeddable":true,"href":"https:\/\/zonaroja.com.mx\/index.php?rest_route=%2Fwp%2Fv2%2Ftags&post=48646"}],"curies":[{"name":"wp","href":"https:\/\/api.w.org\/{rel}","templated":true}]}}