{"id":48653,"date":"2022-11-29T09:15:00","date_gmt":"2022-11-29T15:15:00","guid":{"rendered":"http:\/\/www.zonaroja.com.mx\/?p=48653"},"modified":"2022-11-29T08:17:00","modified_gmt":"2022-11-29T14:17:00","slug":"logra-fiscalia-historica-sentencia-en-favor-de-una-persona-con-discapacidad","status":"publish","type":"post","link":"https:\/\/zonaroja.com.mx\/?p=48653","title":{"rendered":"Logra Fiscal\u00eda hist\u00f3rica sentencia en favor de una persona con discapacidad"},"content":{"rendered":"\n<p>Redacci\u00f3n\/Zona Roja.&nbsp;<\/p>\n\n\n\n<p>Oaxaca de Ju\u00e1rez, Oax., 28 de noviembre de 2022.- En un hecho hist\u00f3rico en materia de procuraci\u00f3n de justicia, la Fiscal\u00eda General del Estado de Oaxaca (FGEO) obtuvo, del Tribunal de Enjuiciamiento, sentencia condenatoria de 14 a\u00f1os de prisi\u00f3n contra la persona del sexo masculino identificada como E. M. G., responsable del delito de violaci\u00f3n en agravio de la mujer G. C. R. (persona con discapacidad auditiva), cometido en jurisdicci\u00f3n de Santa Ana Tavela, distrito de Yautepec, en la regi\u00f3n de la Sierra Sur.<\/p>\n\n\n\n<p>De acuerdo con la causa penal 24\/2019, el 12 de diciembre de 2018, el sentenciado agredi\u00f3 de manera sexual a la v\u00edctima en el interior de su domicilio, ubicado en el referido municipio.<\/p>\n\n\n\n<p>Este hecho delictivo provoc\u00f3 la intervenci\u00f3n de la FGEO que, a trav\u00e9s de la Direcci\u00f3n de Averiguaciones Previas y Procesos, inici\u00f3 las investigaciones pertinentes y, por las particularidades del caso, solicit\u00f3 la intervenci\u00f3n de Lii Yio P\u00e9rez Z\u00e1rate, Procuradora de la Defensa de las Personas con Discapacidad, quien fungi\u00f3 como Facilitadora en la Comunicaci\u00f3n, siendo esta la primera vez que se registr\u00f3 la declaraci\u00f3n de una persona con hipoacusia por medio de Sistemas Alternativos y Aumentativos de Comunicaci\u00f3n.<\/p>\n\n\n\n<p>En la audiencia de debate, adem\u00e1s de la figura de Facilitadora en la Comunicaci\u00f3n, se ocup\u00f3 un int\u00e9rprete en se\u00f1as en lengua materna, ya que la v\u00edctima no se comunica a trav\u00e9s de la Lengua de Se\u00f1as Mexicana.<\/p>\n\n\n\n<p>El Tribunal de Enjuiciamiento dict\u00f3 sentencia condenatoria en contra de E. M. G., imponi\u00e9ndole la pena de 14 a\u00f1os de prisi\u00f3n y orden\u00f3 el pago de una multa.<\/p>\n\n\n\n<p>La Instituci\u00f3n de procuraci\u00f3n de justicia reitera su compromiso de actuar con firmeza contra quienes atenten contra la integridad de las mujeres y presentar ante la justicia a quienes cometan delitos contra ellas.<\/p>\n\n\n\n<p>AGRESOR SEXUAL DETENIDO<\/p>\n\n\n\n<p>En otro caso, la Fiscal\u00eda General dio cumplimiento a una orden de aprehensi\u00f3n contra la persona del sexo masculino identificada como D. G. C., probable responsable del delito de equiparado a la violaci\u00f3n en agravio de una adolescente, cometido en jurisdicci\u00f3n de San Agust\u00edn Loxicha, en la regi\u00f3n de la Costa.<\/p>\n\n\n\n<p>Elementos de la Agencia Estatal de Investigaciones (AEI) adscritos a la Vicefiscal\u00eda Regional de la Costa aprehendieron al probable agresor sexual en inmediaciones del Barrio El Calvario del referido municipio y lo trasladaron al Juzgado de Control de San Pedro Pochutla para ser puesto a disposici\u00f3n de la autoridad correspondiente.<\/p>\n\n\n\n<p>De acuerdo con la causa penal 630\/2022, en diferentes fechas de julio de 2022, el imputado probablemente agredi\u00f3 de manera sexual a la v\u00edctima.<\/p>\n\n\n\n<p>La situaci\u00f3n jur\u00eddica de D. G. C. se resolver\u00e1 en las pr\u00f3ximas horas, quedando en prisi\u00f3n preventiva de manera provisional.<\/p>\n","protected":false},"excerpt":{"rendered":"<p>Redacci\u00f3n\/Zona Roja.&nbsp; Oaxaca de Ju\u00e1rez, Oax., 28 de noviembre de 2022.- En un hecho hist\u00f3rico&hellip;<\/p>\n","protected":false},"author":2,"featured_media":48654,"comment_status":"closed","ping_status":"open","sticky":false,"template":"","format":"standard","meta":{"_lmt_disableupdate":"","_lmt_disable":"","_jetpack_memberships_contains_paid_content":false,"footnotes":""},"categories":[109,46],"tags":[494],"class_list":["post-48653","post","type-post","status-publish","format-standard","has-post-thumbnail","hentry","category-minuto-a-minuto","category-zona-blanca","tag-fiscalia-general-del-estado-de-oaxaca"],"jetpack_featured_media_url":"https:\/\/zonaroja.com.mx\/wp-content\/uploads\/2022\/11\/Sentencia-a-favor-de-discapacitada-agredida-Fiscalia.jpeg","jetpack_sharing_enabled":true,"_links":{"self":[{"href":"https:\/\/zonaroja.com.mx\/index.php?rest_route=\/wp\/v2\/posts\/48653","targetHints":{"allow":["GET"]}}],"collection":[{"href":"https:\/\/zonaroja.com.mx\/index.php?rest_route=\/wp\/v2\/posts"}],"about":[{"href":"https:\/\/zonaroja.com.mx\/index.php?rest_route=\/wp\/v2\/types\/post"}],"author":[{"embeddable":true,"href":"https:\/\/zonaroja.com.mx\/index.php?rest_route=\/wp\/v2\/users\/2"}],"replies":[{"embeddable":true,"href":"https:\/\/zonaroja.com.mx\/index.php?rest_route=%2Fwp%2Fv2%2Fcomments&post=48653"}],"version-history":[{"count":2,"href":"https:\/\/zonaroja.com.mx\/index.php?rest_route=\/wp\/v2\/posts\/48653\/revisions"}],"predecessor-version":[{"id":48656,"href":"https:\/\/zonaroja.com.mx\/index.php?rest_route=\/wp\/v2\/posts\/48653\/revisions\/48656"}],"wp:featuredmedia":[{"embeddable":true,"href":"https:\/\/zonaroja.com.mx\/index.php?rest_route=\/wp\/v2\/media\/48654"}],"wp:attachment":[{"href":"https:\/\/zonaroja.com.mx\/index.php?rest_route=%2Fwp%2Fv2%2Fmedia&parent=48653"}],"wp:term":[{"taxonomy":"category","embeddable":true,"href":"https:\/\/zonaroja.com.mx\/index.php?rest_route=%2Fwp%2Fv2%2Fcategories&post=48653"},{"taxonomy":"post_tag","embeddable":true,"href":"https:\/\/zonaroja.com.mx\/index.php?rest_route=%2Fwp%2Fv2%2Ftags&post=48653"}],"curies":[{"name":"wp","href":"https:\/\/api.w.org\/{rel}","templated":true}]}}