{"id":48659,"date":"2022-11-29T08:42:58","date_gmt":"2022-11-29T14:42:58","guid":{"rendered":"http:\/\/www.zonaroja.com.mx\/?p=48659"},"modified":"2022-11-29T08:43:00","modified_gmt":"2022-11-29T14:43:00","slug":"recibira-el-magisterio-oaxaqueno-al-gobierno-de-salomon-jara-con-marcha","status":"publish","type":"post","link":"https:\/\/zonaroja.com.mx\/?p=48659","title":{"rendered":"Recibir\u00e1 el magisterio oaxaque\u00f1o al gobierno de Salom\u00f3n Jara con marcha"},"content":{"rendered":"\n<p>Ismael Garc\u00eda M.\/Zona Roja.<\/p>\n\n\n\n<p>Oaxaca de Ju\u00e1rez, Oax., a 29 de noviembre de 2022.- En respuesta a la convocatoria al di\u00e1logo por parte del gobernador electo de Oaxaca, Salom\u00f3n Jara Cruz, la Secci\u00f3n 22 respondi\u00f3 con un comunicado para convocar a una marcha masiva este jueves 1 de diciembre.<\/p>\n\n\n\n<p>\u201cA los trabajadores de la educaci\u00f3n del MDTEO de la Secci\u00f3n XXII, a la marcha masiva estatal, que se llevar\u00e1 a cabo el jueves 1 de diciembre del presente a\u00f1o, a las 09:00 horas, partiendo del crucero de Viguera al z\u00f3calo de la ciudad de la resistencia, Oaxaca de Ju\u00e1rez.<\/p>\n\n\n\n<p>\u201cObjetivo: fijar el posicionamiento pol\u00edtico del MDTEO en el marco de la toma de protesta del nuevo gobierno estatal\u201d, refiere la convocatoria emitida anoche y que firman los nuevos integrantes del Comit\u00e9 Ejecutivo Seccional.<\/p>\n\n\n\n<p>El documento lleva las r\u00fabricas de la profesora Yenny Aracely P\u00e9rez Mart\u00ednez, secretaria General, y C\u00e9sar Garc\u00eda Zurita, secretario de Organizaci\u00f3n.<\/p>\n\n\n\n<p>La nueva dirigencia magisterial fue electa la tarde del pasado domingo y suple a la que encabez\u00f3 Eloy L\u00f3pez Hern\u00e1ndez, quien se caracteriz\u00f3 por su pasividad ante el Gobierno del Estado, en el sexenio de Alejandro Murat, y el Gobierno de la Rep\u00fablica, que encabeza Andr\u00e9s Manuel L\u00f3pez Obrador.<\/p>\n\n\n\n<p>Asimismo, se mantuvo seis a\u00f1os en el cargo, dos de ellos bajo el argumento de no convocar a la renovaci\u00f3n de cargos debido a la pandemia de Covid-19.<\/p>\n\n\n\n<p>Horas antes de esta convocatoria, el gobernador electo de Oaxaca, Jara Cruz, salud\u00f3 al nuevo comit\u00e9 ejecutivo y los convoc\u00f3 a abrir un di\u00e1logo de trabajo; dijo que no est\u00e1 a favor de decisiones unilaterales y llam\u00f3 a establecer las reglas de \u201cuna nueva relaci\u00f3n pol\u00edtica que se cimente en el di\u00e1logo y en el respeto mutuo\u201d.<\/p>\n","protected":false},"excerpt":{"rendered":"<p>Ismael Garc\u00eda M.\/Zona Roja. Oaxaca de Ju\u00e1rez, Oax., a 29 de noviembre de 2022.- En&hellip;<\/p>\n","protected":false},"author":2,"featured_media":48660,"comment_status":"closed","ping_status":"open","sticky":false,"template":"","format":"standard","meta":{"_lmt_disableupdate":"","_lmt_disable":"","_jetpack_memberships_contains_paid_content":false,"footnotes":""},"categories":[109,47],"tags":[312],"class_list":["post-48659","post","type-post","status-publish","format-standard","has-post-thumbnail","hentry","category-minuto-a-minuto","category-zona-gris","tag-seccion-22-del-snte"],"jetpack_featured_media_url":"https:\/\/zonaroja.com.mx\/wp-content\/uploads\/2022\/11\/Nueva-dirigencia-Seccion-22-Yenny-Aracely-Perez.jpg","jetpack_sharing_enabled":true,"_links":{"self":[{"href":"https:\/\/zonaroja.com.mx\/index.php?rest_route=\/wp\/v2\/posts\/48659","targetHints":{"allow":["GET"]}}],"collection":[{"href":"https:\/\/zonaroja.com.mx\/index.php?rest_route=\/wp\/v2\/posts"}],"about":[{"href":"https:\/\/zonaroja.com.mx\/index.php?rest_route=\/wp\/v2\/types\/post"}],"author":[{"embeddable":true,"href":"https:\/\/zonaroja.com.mx\/index.php?rest_route=\/wp\/v2\/users\/2"}],"replies":[{"embeddable":true,"href":"https:\/\/zonaroja.com.mx\/index.php?rest_route=%2Fwp%2Fv2%2Fcomments&post=48659"}],"version-history":[{"count":1,"href":"https:\/\/zonaroja.com.mx\/index.php?rest_route=\/wp\/v2\/posts\/48659\/revisions"}],"predecessor-version":[{"id":48661,"href":"https:\/\/zonaroja.com.mx\/index.php?rest_route=\/wp\/v2\/posts\/48659\/revisions\/48661"}],"wp:featuredmedia":[{"embeddable":true,"href":"https:\/\/zonaroja.com.mx\/index.php?rest_route=\/wp\/v2\/media\/48660"}],"wp:attachment":[{"href":"https:\/\/zonaroja.com.mx\/index.php?rest_route=%2Fwp%2Fv2%2Fmedia&parent=48659"}],"wp:term":[{"taxonomy":"category","embeddable":true,"href":"https:\/\/zonaroja.com.mx\/index.php?rest_route=%2Fwp%2Fv2%2Fcategories&post=48659"},{"taxonomy":"post_tag","embeddable":true,"href":"https:\/\/zonaroja.com.mx\/index.php?rest_route=%2Fwp%2Fv2%2Ftags&post=48659"}],"curies":[{"name":"wp","href":"https:\/\/api.w.org\/{rel}","templated":true}]}}