{"id":48662,"date":"2022-11-29T11:43:00","date_gmt":"2022-11-29T17:43:00","guid":{"rendered":"http:\/\/www.zonaroja.com.mx\/?p=48662"},"modified":"2022-11-29T15:58:51","modified_gmt":"2022-11-29T21:58:51","slug":"pendiente-5","status":"publish","type":"post","link":"https:\/\/zonaroja.com.mx\/?p=48662","title":{"rendered":"Acredita TEEO violencia de g\u00e9nero de edil de Etla, de Morena, contra regidora"},"content":{"rendered":"\n<p>Yuridiana Sosa\/Zona Roja.<\/p>\n\n\n\n<p>Oaxaca de Ju\u00e1rez, Oax,, 29 de noviembre de 2022.- El Tribunal Electoral del Estado de Oaxaca (TEEO) determin\u00f3 la existencia de violencia pol\u00edtica en raz\u00f3n de g\u00e9nero cometida por el edil de Villa de Etla, Miguel \u00c1ngel Mart\u00ednez Merl\u00edn, del partido Morena, y otros funcionarios, contra la concejal de Obras P\u00fablicas, Cinthya Hern\u00e1ndez Bautista. <\/p>\n\n\n\n<p>La regidora no ha logrado desempe\u00f1ar su cargo desde el inicio de la administraci\u00f3n, el pasado&nbsp;1 de enero, ante los diversos obst\u00e1culos que el presidente municipal impone con ayuda de la s\u00edndica Ang\u00e9lica Garc\u00eda P\u00e9rez, tambi\u00e9n se\u00f1alada en la sentencia y del director T\u00e9cnica del \u00e1rea de obras; a su vez, tambi\u00e9n se cont\u00f3 con la participaci\u00f3n de la representante de la direcci\u00f3n de Obras y subdirectores.<\/p>\n\n\n\n<p>Hern\u00e1ndez Bautista apunt\u00f3 que el edil manifiesta la idea que \u201clas mujeres no tenemos la capacidad para desempe\u00f1ar un cargo en el \u00e1rea de obras p\u00fablicas\u201d, as\u00ed como se le ha cuestionado su preparaci\u00f3n y se le ha negado su participaci\u00f3n de las sesiones de cabildo.&nbsp;<\/p>\n\n\n\n<p>Al acreditarse diversos actos de violencia pol\u00edtica en raz\u00f3n de g\u00e9nero, el TEEO orden\u00f3 al edil, y funcionarios relacionados en la agresi\u00f3n, a abstenerse de forma directa o indirecta a realizar actos u omisiones que causen da\u00f1o, intimiden, amenacen u obstaculicen a Cinthya Hern\u00e1ndez.&nbsp;<\/p>\n\n\n\n<p>&nbsp;La afectada podr\u00e1 presentar una terna para el cambio de los funcionarios de las direcciones que derivan de su regidur\u00eda; pedir informaci\u00f3n y deber\u00e1 ser convocada a todas las sesiones de cabildo.<\/p>\n\n\n\n<p>Tambi\u00e9n se orden\u00f3 al edil realizar una disculpa p\u00fablica y como medida de no repetici\u00f3n de hechos, se vincul\u00f3 el caso a la Secretar\u00eda de la Mujer Oaxaque\u00f1a para que capaciten a los funcionarios de ese municipio para evitar ese tipo de violencias.&nbsp;<\/p>\n\n\n\n<p>Miguel \u00c1ngel Mart\u00ednez Merl\u00edn y los agresores ser\u00e1n ingresados al registro de personas que cometieron violencia pol\u00edtica en raz\u00f3n de g\u00e9nero, por lo que se notific\u00f3 al INE y al IEEPCO.&nbsp;<\/p>\n\n\n\n<p>Mientras que se orden\u00f3 a la Secretar\u00eda General de Gobierno para que se ingresara la regidora en el registro estatal de v\u00edctimas. <\/p>\n","protected":false},"excerpt":{"rendered":"<p>Yuridiana Sosa\/Zona Roja. Oaxaca de Ju\u00e1rez, Oax,, 29 de noviembre de 2022.- El Tribunal Electoral&hellip;<\/p>\n","protected":false},"author":2,"featured_media":48664,"comment_status":"closed","ping_status":"open","sticky":false,"template":"","format":"standard","meta":{"_lmt_disableupdate":"","_lmt_disable":"","_jetpack_memberships_contains_paid_content":false,"footnotes":""},"categories":[109,47],"tags":[],"class_list":["post-48662","post","type-post","status-publish","format-standard","has-post-thumbnail","hentry","category-minuto-a-minuto","category-zona-gris"],"jetpack_featured_media_url":"https:\/\/zonaroja.com.mx\/wp-content\/uploads\/2022\/11\/7b357fb3-4ae3-463e-9326-8e32cbd6bec5.jpg","jetpack_sharing_enabled":true,"_links":{"self":[{"href":"https:\/\/zonaroja.com.mx\/index.php?rest_route=\/wp\/v2\/posts\/48662","targetHints":{"allow":["GET"]}}],"collection":[{"href":"https:\/\/zonaroja.com.mx\/index.php?rest_route=\/wp\/v2\/posts"}],"about":[{"href":"https:\/\/zonaroja.com.mx\/index.php?rest_route=\/wp\/v2\/types\/post"}],"author":[{"embeddable":true,"href":"https:\/\/zonaroja.com.mx\/index.php?rest_route=\/wp\/v2\/users\/2"}],"replies":[{"embeddable":true,"href":"https:\/\/zonaroja.com.mx\/index.php?rest_route=%2Fwp%2Fv2%2Fcomments&post=48662"}],"version-history":[{"count":2,"href":"https:\/\/zonaroja.com.mx\/index.php?rest_route=\/wp\/v2\/posts\/48662\/revisions"}],"predecessor-version":[{"id":48665,"href":"https:\/\/zonaroja.com.mx\/index.php?rest_route=\/wp\/v2\/posts\/48662\/revisions\/48665"}],"wp:featuredmedia":[{"embeddable":true,"href":"https:\/\/zonaroja.com.mx\/index.php?rest_route=\/wp\/v2\/media\/48664"}],"wp:attachment":[{"href":"https:\/\/zonaroja.com.mx\/index.php?rest_route=%2Fwp%2Fv2%2Fmedia&parent=48662"}],"wp:term":[{"taxonomy":"category","embeddable":true,"href":"https:\/\/zonaroja.com.mx\/index.php?rest_route=%2Fwp%2Fv2%2Fcategories&post=48662"},{"taxonomy":"post_tag","embeddable":true,"href":"https:\/\/zonaroja.com.mx\/index.php?rest_route=%2Fwp%2Fv2%2Ftags&post=48662"}],"curies":[{"name":"wp","href":"https:\/\/api.w.org\/{rel}","templated":true}]}}